{"id":3958,"date":"2017-03-22T11:59:57","date_gmt":"2017-03-22T09:59:57","guid":{"rendered":"http:\/\/blog.liesdoch.de\/?p=3958"},"modified":"2017-03-22T11:59:57","modified_gmt":"2017-03-22T09:59:57","slug":"alles-was-ich-nicht-erinnere","status":"publish","type":"post","link":"https:\/\/blog.liesdoch.de\/?p=3958","title":{"rendered":"Alles, was ich nicht erinnere"},"content":{"rendered":"<p>&nbsp;<\/p>\n<p>&nbsp;<\/p>\n<p>&nbsp;<\/p>\n<p>&nbsp;<\/p>\n<p><a href=\"http:\/\/blog.liesdoch.de\/wp-content\/uploads\/2017\/03\/47029482z.jpg\"><img loading=\"lazy\" decoding=\"async\" class=\"alignnone size-medium wp-image-3959\" src=\"http:\/\/blog.liesdoch.de\/wp-content\/uploads\/2017\/03\/47029482z-189x300.jpg\" alt=\"\" width=\"189\" height=\"300\" srcset=\"https:\/\/blog.liesdoch.de\/wp-content\/uploads\/2017\/03\/47029482z-189x300.jpg 189w, https:\/\/blog.liesdoch.de\/wp-content\/uploads\/2017\/03\/47029482z.jpg 264w\" sizes=\"auto, (max-width: 189px) 100vw, 189px\" \/><\/a><\/p>\n<p>Jonas Hassen Khemiri, Alles, was ich nicht erinnere, DVA 2017, iSBN 978-3-421-04724-3<\/p>\n<p>&nbsp;<\/p>\n<p>Ein junger Mann namens Samuel ist mit einem Auto t\u00f6dlich verungl\u00fcckt. War es ein Unfall oder ist er absichtlich mit einem Todeswunsch gefangen den Baum gefahren? Aber warum?\u00a0 Was hat ihn dazu getrieben? Tr\u00f6gt irgendjemand von denen, die ihn kannten und mit ihm Beziehungen pflegten, eine Schuld an diesem Tod?<\/p>\n<p>&nbsp;<\/p>\n<p>Jonas Hassen Khemiri, der neue Star der schwedischen Literaturszene hat f\u00fcr seinen neuen Roman einen imagin\u00e4ren Berichterstatter mit all den Menschen, die Samuel, der wie Khemiri selbst einen nordafrikanischen Vater hat, immer wieder l\u00e4ngere Interviews f\u00fchren lassen. Aus diesen Gespr\u00e4chen und vielen kleineren Textelementen f\u00fcgt sich im Laufe des Romans eine Geschichte eines jungen Mannes zusammen.<\/p>\n<p>&nbsp;<\/p>\n<p>Immer wieder meldet sich Laide zu Wort, Samuels Partnerin, die er leidenschaftlich liebte, das ist auch Vandad, mit dem Samuel eng befreundet war und mit dem er zusammen wohnte.<\/p>\n<p>&nbsp;<\/p>\n<p>Samuel hat eine Gro\u00dfmutter und als sie ihr Haus verlassen muss, weil sie wegen einer Demenz in ein Heim kommt, ist er es, der sich immer wieder um sie k\u00fcmmert.<\/p>\n<p>&nbsp;<\/p>\n<p>Er schafft es irgendwann nicht mehr, schon um das Haus der Gro\u00dfmutter zu k\u00fcmmern und l\u00e4sst es zu, dass Laide, die er im Amt f\u00fcr Migration kennengelernt hat, wo er arbeitet, zun\u00e4chst einige Frauen mit ihre Kindern, die als Fl\u00fcchtlinge nach Schweden gekommen sind, dort Obdach bietet. Irgendwann werden es immer mehr, dann sind da auf einmal auch M\u00e4nner, die sofort die Herrschaft an sich rei\u00dfen, und schlussendlich brennt das ganze Haus ab.<\/p>\n<p>&nbsp;<\/p>\n<p>Es ist dieser gesamte Hintergrund der Migranten und Asylsuchenden im gegenw\u00e4rtigen Schweden, vor dem Khemiri seinen Roman spielen l\u00e4sst. Viele Widerspr\u00fcche und Konflikte werden sichtbar. Es wird deutlich, wie schwer es ist f\u00fcr die schwedische Gesellschaft, damit umzugehen.<\/p>\n<p>&nbsp;<\/p>\n<p>Konflikte gibt es auch zwischen denen, die der Berichterstatter befragt und die etwas beitragen wollen zu der Frage, wer Samuel war und vor allem wie und warum er ums Leben gekommen ist. Sie geben sich gegenseitig die Schuld.<\/p>\n<p>&nbsp;<\/p>\n<p>Im Versuch, Samuels Identit\u00e4t zusammenzusetzen, kommt ein Mensch zum Vorschein, der verzweifelt versucht, seinem Leben einen Sinn zu geben, indem er seine \u201eErfahrungsbank\u201c auff\u00fcllt. Khemiri sagt in einem Interview \u00fcber ihn: Samuel kann nicht im Jetzt und im Leben sein, ohne dazu eine Theorie zu basteln. Er ist nostalgisch im Pr\u00e4sens und befindet sich unmittelbar in einem Danach: Wie soll ich das beschreiben und erz\u00e4hlen, was ich gerade erlebe?\u201c<\/p>\n<p>&nbsp;<\/p>\n<p>Man sp\u00fcrt durchg\u00e4ngig die Sehnsucht der Menschen nach einem Leben, nach einer Wirklichkeit, die sie ber\u00fchrt, die sie etwas angeht und ihrem Leben einen Sinn gibt. Immer wieder geht es darum, welchen Preis sie zahlen, um nicht allein\u00a0 zu sein.<\/p>\n<p>&nbsp;<\/p>\n<p>\u201eAlles was ich nicht erinnere\u201c ist die mitrei\u00dfende Rekonstruktion eines Lebens eines jungen Menschen, der sein ganzes Leben lang vor sich selbst auf der Flucht war. Ein Roman \u00fcber Gewalt und Liebe, \u00fcber Leidenschaft und Verlust und ein Bild des heutigen ,multikulturellen Stockholm und seiner Widerspr\u00fcche.<\/p>\n<p>&nbsp;<\/p>\n<p>&nbsp;<\/p>\n<p>&nbsp;<\/p>\n<p>&nbsp;<\/p>\n","protected":false},"excerpt":{"rendered":"<p>&nbsp; &nbsp; &nbsp; &nbsp; Jonas Hassen Khemiri, Alles, was ich nicht erinnere, DVA 2017, iSBN 978-3-421-04724-3 &nbsp; Ein junger Mann namens Samuel ist mit einem Auto t\u00f6dlich verungl\u00fcckt. War es ein Unfall oder ist er absichtlich mit einem Todeswunsch gefangen den Baum gefahren? Aber warum?\u00a0 Was hat ihn dazu getrieben? Tr\u00f6gt irgendjemand von denen, die &hellip; <a href=\"https:\/\/blog.liesdoch.de\/?p=3958\" class=\"more-link\"><span class=\"screen-reader-text\">Alles, was ich nicht erinnere<\/span> weiterlesen <span class=\"meta-nav\">&rarr;<\/span><\/a><\/p>\n","protected":false},"author":6,"featured_media":0,"comment_status":"closed","ping_status":"open","sticky":false,"template":"","format":"standard","meta":{"footnotes":""},"categories":[1],"tags":[],"class_list":["post-3958","post","type-post","status-publish","format-standard","hentry","category-allgemein"],"_links":{"self":[{"href":"https:\/\/blog.liesdoch.de\/index.php?rest_route=\/wp\/v2\/posts\/3958","targetHints":{"allow":["GET"]}}],"collection":[{"href":"https:\/\/blog.liesdoch.de\/index.php?rest_route=\/wp\/v2\/posts"}],"about":[{"href":"https:\/\/blog.liesdoch.de\/index.php?rest_route=\/wp\/v2\/types\/post"}],"author":[{"embeddable":true,"href":"https:\/\/blog.liesdoch.de\/index.php?rest_route=\/wp\/v2\/users\/6"}],"replies":[{"embeddable":true,"href":"https:\/\/blog.liesdoch.de\/index.php?rest_route=%2Fwp%2Fv2%2Fcomments&post=3958"}],"version-history":[{"count":1,"href":"https:\/\/blog.liesdoch.de\/index.php?rest_route=\/wp\/v2\/posts\/3958\/revisions"}],"predecessor-version":[{"id":3960,"href":"https:\/\/blog.liesdoch.de\/index.php?rest_route=\/wp\/v2\/posts\/3958\/revisions\/3960"}],"wp:attachment":[{"href":"https:\/\/blog.liesdoch.de\/index.php?rest_route=%2Fwp%2Fv2%2Fmedia&parent=3958"}],"wp:term":[{"taxonomy":"category","embeddable":true,"href":"https:\/\/blog.liesdoch.de\/index.php?rest_route=%2Fwp%2Fv2%2Fcategories&post=3958"},{"taxonomy":"post_tag","embeddable":true,"href":"https:\/\/blog.liesdoch.de\/index.php?rest_route=%2Fwp%2Fv2%2Ftags&post=3958"}],"curies":[{"name":"wp","href":"https:\/\/api.w.org\/{rel}","templated":true}]}}