{"id":3967,"date":"2017-03-23T13:29:45","date_gmt":"2017-03-23T11:29:45","guid":{"rendered":"http:\/\/blog.liesdoch.de\/?p=3967"},"modified":"2017-03-23T13:29:45","modified_gmt":"2017-03-23T11:29:45","slug":"traumhafte-landgaerten-durch-die-jahreszeiten","status":"publish","type":"post","link":"https:\/\/blog.liesdoch.de\/?p=3967","title":{"rendered":"Traumhafte Landg\u00e4rten durch die Jahreszeiten"},"content":{"rendered":"<p>&nbsp;<\/p>\n<p>&nbsp;<\/p>\n<p>&nbsp;<\/p>\n<p>&nbsp;<\/p>\n<p>&nbsp;<\/p>\n<p><a href=\"http:\/\/blog.liesdoch.de\/wp-content\/uploads\/2017\/03\/47121364z.jpg\"><img loading=\"lazy\" decoding=\"async\" class=\"alignnone size-medium wp-image-3968\" src=\"http:\/\/blog.liesdoch.de\/wp-content\/uploads\/2017\/03\/47121364z-272x300.jpg\" alt=\"\" width=\"272\" height=\"300\" srcset=\"https:\/\/blog.liesdoch.de\/wp-content\/uploads\/2017\/03\/47121364z-272x300.jpg 272w, https:\/\/blog.liesdoch.de\/wp-content\/uploads\/2017\/03\/47121364z.jpg 431w\" sizes=\"auto, (max-width: 272px) 100vw, 272px\" \/><\/a><\/p>\n<p>Martina Meidinger, Evi Pelzer, Traumhafte Landg\u00e4rten durch die Jahreszeiten, Callwey 2017, ISBN 978-3-7667-2253-9<\/p>\n<p>&nbsp;<\/p>\n<p>Viele Besitzer kleiner und gr\u00f6\u00dferer G\u00e4rten w\u00fcnschen sich, dass ihr Garten das ganze Jahr \u00fcber etwas f\u00fcr das Auge zu bieten hat. Eine ausgewogene Planung und Gestaltung hilft dabei, nicht nur im Fr\u00fchling und Sommer sich an der Bl\u00fctenpracht und dem Wachstum zu erfreuen.<\/p>\n<p>&nbsp;<\/p>\n<p>Insgesamt 17 teilweise private Landg\u00e4rten haben Martina Meidinger und ihre Fotografin Evi Pelzer quer durch das Land und die Jahreszeiten besucht und geben in Wort und Bild vielf\u00e4ltige Anregungen, wie solche Glanzpunkte im Laufe einer Gartensaison aussehen k\u00f6nnen.<\/p>\n<p>&nbsp;<\/p>\n<p>F\u00fcr ein m\u00f6glichst vielf\u00e4ltiges Bild wird jede Jahreszeit zu mehreren Terminen gezeigt. Richtschnur hierf\u00fcr ist der sogenannte ph\u00e4nologische Kalender, der das Jahr in zehn Phasen teilt und sich an charakteristischen Entwicklungsstadien typischer Pflanzen orientiert. Jeder dieser Phasen ist ein beispielhaftes Gartenportr\u00e4t gewidmet.<\/p>\n<p>&nbsp;<\/p>\n<p>Ein ausf\u00fchrliche Pflanzenregister und\u00a0 eine \u00dcbersicht der privaten G\u00e4rten mit \u00f6ffentlichen Besuchszeiten runden einen sch\u00f6nen Bildband ab, der den Gartenfreund wohl eher zum Betrachten und Staunen einladen kann, als dass er konkrete (Pflanz-) hinweise und \u2013 anleitungen bekommt.<\/p>\n","protected":false},"excerpt":{"rendered":"<p>&nbsp; &nbsp; &nbsp; &nbsp; &nbsp; Martina Meidinger, Evi Pelzer, Traumhafte Landg\u00e4rten durch die Jahreszeiten, Callwey 2017, ISBN 978-3-7667-2253-9 &nbsp; Viele Besitzer kleiner und gr\u00f6\u00dferer G\u00e4rten w\u00fcnschen sich, dass ihr Garten das ganze Jahr \u00fcber etwas f\u00fcr das Auge zu bieten hat. Eine ausgewogene Planung und Gestaltung hilft dabei, nicht nur im Fr\u00fchling und Sommer sich &hellip; <a href=\"https:\/\/blog.liesdoch.de\/?p=3967\" class=\"more-link\"><span class=\"screen-reader-text\">Traumhafte Landg\u00e4rten durch die Jahreszeiten<\/span> weiterlesen <span class=\"meta-nav\">&rarr;<\/span><\/a><\/p>\n","protected":false},"author":6,"featured_media":0,"comment_status":"closed","ping_status":"open","sticky":false,"template":"","format":"standard","meta":{"footnotes":""},"categories":[1],"tags":[],"class_list":["post-3967","post","type-post","status-publish","format-standard","hentry","category-allgemein"],"_links":{"self":[{"href":"https:\/\/blog.liesdoch.de\/index.php?rest_route=\/wp\/v2\/posts\/3967","targetHints":{"allow":["GET"]}}],"collection":[{"href":"https:\/\/blog.liesdoch.de\/index.php?rest_route=\/wp\/v2\/posts"}],"about":[{"href":"https:\/\/blog.liesdoch.de\/index.php?rest_route=\/wp\/v2\/types\/post"}],"author":[{"embeddable":true,"href":"https:\/\/blog.liesdoch.de\/index.php?rest_route=\/wp\/v2\/users\/6"}],"replies":[{"embeddable":true,"href":"https:\/\/blog.liesdoch.de\/index.php?rest_route=%2Fwp%2Fv2%2Fcomments&post=3967"}],"version-history":[{"count":1,"href":"https:\/\/blog.liesdoch.de\/index.php?rest_route=\/wp\/v2\/posts\/3967\/revisions"}],"predecessor-version":[{"id":3969,"href":"https:\/\/blog.liesdoch.de\/index.php?rest_route=\/wp\/v2\/posts\/3967\/revisions\/3969"}],"wp:attachment":[{"href":"https:\/\/blog.liesdoch.de\/index.php?rest_route=%2Fwp%2Fv2%2Fmedia&parent=3967"}],"wp:term":[{"taxonomy":"category","embeddable":true,"href":"https:\/\/blog.liesdoch.de\/index.php?rest_route=%2Fwp%2Fv2%2Fcategories&post=3967"},{"taxonomy":"post_tag","embeddable":true,"href":"https:\/\/blog.liesdoch.de\/index.php?rest_route=%2Fwp%2Fv2%2Ftags&post=3967"}],"curies":[{"name":"wp","href":"https:\/\/api.w.org\/{rel}","templated":true}]}}