{"id":3975,"date":"2017-03-24T09:58:56","date_gmt":"2017-03-24T07:58:56","guid":{"rendered":"http:\/\/blog.liesdoch.de\/?p=3975"},"modified":"2017-03-24T09:58:56","modified_gmt":"2017-03-24T07:58:56","slug":"die-strasse-ins-dunkel","status":"publish","type":"post","link":"https:\/\/blog.liesdoch.de\/?p=3975","title":{"rendered":"Die Strasse ins Dunkel"},"content":{"rendered":"<p>&nbsp;<\/p>\n<p>&nbsp;<\/p>\n<p>&nbsp;<\/p>\n<p><a href=\"http:\/\/blog.liesdoch.de\/wp-content\/uploads\/2017\/03\/44981860z.jpg\"><img loading=\"lazy\" decoding=\"async\" class=\"alignnone size-medium wp-image-3976\" src=\"http:\/\/blog.liesdoch.de\/wp-content\/uploads\/2017\/03\/44981860z-193x300.jpg\" alt=\"\" width=\"193\" height=\"300\" srcset=\"https:\/\/blog.liesdoch.de\/wp-content\/uploads\/2017\/03\/44981860z-193x300.jpg 193w, https:\/\/blog.liesdoch.de\/wp-content\/uploads\/2017\/03\/44981860z.jpg 270w\" sizes=\"auto, (max-width: 193px) 100vw, 193px\" \/><\/a><\/p>\n<p>&nbsp;<\/p>\n<p>Paul Mendelson, Die Strasse ins Dunkel, Rowohlt 2017, ISBN 978-3-499-27241-7<\/p>\n<p>&nbsp;<\/p>\n<p>Nach \u201eDie Unschuld stirbt, das B\u00f6se lebt\u201c hat der zeitweise in\u00a0 S\u00fcdafrika lebende britische Schriftsteller Paul Mendelson mit \u201eDie Strasse ins Dunkel\u201c nun seinen zweiten Kriminalroman mit seinem Ermittler Colonel Vaughn de Vries und seinem schwarzen Warrent Officer Don February vorgelegt.<\/p>\n<p>&nbsp;<\/p>\n<p>Er spielt in Kapstadt und besch\u00e4ftigt sich am Beispiel eines aktuellen Kriminalfalles wieder mit einer dunklen Vergangenheit, die in S\u00fcdafrika einfach nicht vergehen will. Alter Rassismus, die Wunden, die noch offen sind und die damit verbundenen unbeglichenen Rechnungen, die im Laufe der Herrschaft des ANC zu so etwas wie einem neuen Rassismus gef\u00fchrt haben. Wie kommt man aus diesen Fallen heraus? Gibt es f\u00fcr das neue S\u00fcdafrika eine Zukunft, in der schwarz und wei\u00df friedlich und vertrauensvoll zusammenleben k\u00f6nnen?\u00a0 Vaughn de Fries versucht das in der Zusammenarbeit mit seinem Assistenten, und auch mit der Gerichtsmedizinerin Anna Jafari entwickelt sich so etwas wie eine Beziehung, die von Respekt und Achtung gepr\u00e4gt ist.<\/p>\n<p>&nbsp;<\/p>\n<p>Der Roman beginnt mit einer Szene im Jahr 1994, als wei\u00dfe Polizisten an einer schwarzen Familie ein Massaker ver\u00fcben, das vertuscht wird. Auch Vaughn de Fries war damals als junger Polizist als eher unfreiwilliger Zeuge dieses Verbrechens mit dabei und hat seither geschwiegen.<\/p>\n<p>&nbsp;<\/p>\n<p>Als nun Zug um Zug ein unbekannter T\u00e4ter Polizisten ermordet, die bei diesem Massaker dabei waren, wird die Vergangenheit pl\u00f6tzlich wieder lebendig. Zumal auch beim Hauptstrang der Handlung, den Ermittlungen um den grausamen Mord an einer Milliard\u00e4rin namens Taryn Holt, eine korrupte Hierarchie im Apparat der Polizei Vaugns Ermittlungen behindert.<\/p>\n<p>&nbsp;<\/p>\n<p>Der Vater des Opfers war einer der Hauptst\u00fctzen des Apartheidregimes, der mutma\u00dfliche T\u00e4ter, ihr schwarzer Liebhaber, seinerseits Sohn eines m\u00e4chtigen ANC-Politikers.<\/p>\n<p>&nbsp;<\/p>\n<p>Vaughn de Vries ger\u00e4t mitten hinein in gef\u00e4hrliche Machtinteressen, zumal er selbst auch als Zeuge des damaligen Massakers auf der Abschussliste des unbekannten Polizistenm\u00f6rders steht.<\/p>\n<p>&nbsp;<\/p>\n<p>Paul Mendelson zeigt in seinem spannenden Thriller eine Gesellschaft, in der Ungleichheit und Rassismus bl\u00fchen wie ehedem. Es geht um Schuld in der Vergangenheit, \u00fcber Moral und entsprechendes Handeln und zwischen den Zeilen immer wieder darum, ob es f\u00fcr das zerrissene Land eine Zukunft gibt, ob das Spiel von Macht und ihrem Missbrauch immer so weiter geht.<\/p>\n<p>&nbsp;<\/p>\n<p>In der Person seines Ermittlers, der sich seiner Vergangenheit stellt und m\u00fchsam versucht, Vertrauen aufzubauen, beschreibt er einen Menschen, die S\u00fcdafrika in der Zukunft brauchen wird, genauso wie Menschen wie sein Assistent Don February und die Medizinerin Anna Jafari.<\/p>\n<p>&nbsp;<\/p>\n<p>Ein empfehlenswertes Buch einer Reihe, die Paul Mendelson hoffentlich fortsetzen wird.<\/p>\n<p>&nbsp;<\/p>\n","protected":false},"excerpt":{"rendered":"<p>&nbsp; &nbsp; &nbsp; &nbsp; Paul Mendelson, Die Strasse ins Dunkel, Rowohlt 2017, ISBN 978-3-499-27241-7 &nbsp; Nach \u201eDie Unschuld stirbt, das B\u00f6se lebt\u201c hat der zeitweise in\u00a0 S\u00fcdafrika lebende britische Schriftsteller Paul Mendelson mit \u201eDie Strasse ins Dunkel\u201c nun seinen zweiten Kriminalroman mit seinem Ermittler Colonel Vaughn de Vries und seinem schwarzen Warrent Officer Don February &hellip; <a href=\"https:\/\/blog.liesdoch.de\/?p=3975\" class=\"more-link\"><span class=\"screen-reader-text\">Die Strasse ins Dunkel<\/span> weiterlesen <span class=\"meta-nav\">&rarr;<\/span><\/a><\/p>\n","protected":false},"author":6,"featured_media":0,"comment_status":"closed","ping_status":"open","sticky":false,"template":"","format":"standard","meta":{"footnotes":""},"categories":[1],"tags":[],"class_list":["post-3975","post","type-post","status-publish","format-standard","hentry","category-allgemein"],"_links":{"self":[{"href":"https:\/\/blog.liesdoch.de\/index.php?rest_route=\/wp\/v2\/posts\/3975","targetHints":{"allow":["GET"]}}],"collection":[{"href":"https:\/\/blog.liesdoch.de\/index.php?rest_route=\/wp\/v2\/posts"}],"about":[{"href":"https:\/\/blog.liesdoch.de\/index.php?rest_route=\/wp\/v2\/types\/post"}],"author":[{"embeddable":true,"href":"https:\/\/blog.liesdoch.de\/index.php?rest_route=\/wp\/v2\/users\/6"}],"replies":[{"embeddable":true,"href":"https:\/\/blog.liesdoch.de\/index.php?rest_route=%2Fwp%2Fv2%2Fcomments&post=3975"}],"version-history":[{"count":1,"href":"https:\/\/blog.liesdoch.de\/index.php?rest_route=\/wp\/v2\/posts\/3975\/revisions"}],"predecessor-version":[{"id":3977,"href":"https:\/\/blog.liesdoch.de\/index.php?rest_route=\/wp\/v2\/posts\/3975\/revisions\/3977"}],"wp:attachment":[{"href":"https:\/\/blog.liesdoch.de\/index.php?rest_route=%2Fwp%2Fv2%2Fmedia&parent=3975"}],"wp:term":[{"taxonomy":"category","embeddable":true,"href":"https:\/\/blog.liesdoch.de\/index.php?rest_route=%2Fwp%2Fv2%2Fcategories&post=3975"},{"taxonomy":"post_tag","embeddable":true,"href":"https:\/\/blog.liesdoch.de\/index.php?rest_route=%2Fwp%2Fv2%2Ftags&post=3975"}],"curies":[{"name":"wp","href":"https:\/\/api.w.org\/{rel}","templated":true}]}}