{"id":402,"date":"2015-08-24T15:45:29","date_gmt":"2015-08-24T13:45:29","guid":{"rendered":"http:\/\/blog.liesdoch.de\/?p=402"},"modified":"2015-08-24T15:46:09","modified_gmt":"2015-08-24T13:46:09","slug":"was-ist-eigentlich-evangelisch","status":"publish","type":"post","link":"https:\/\/blog.liesdoch.de\/?p=402","title":{"rendered":"Was ist eigentlich evangelisch?"},"content":{"rendered":"<p><a href=\"http:\/\/blog.liesdoch.de\/wp-content\/uploads\/2015\/08\/42770176z.jpg\"><img loading=\"lazy\" decoding=\"async\" class=\"alignnone size-medium wp-image-403\" src=\"http:\/\/blog.liesdoch.de\/wp-content\/uploads\/2015\/08\/42770176z-192x300.jpg\" alt=\"42770176z\" width=\"192\" height=\"300\" srcset=\"https:\/\/blog.liesdoch.de\/wp-content\/uploads\/2015\/08\/42770176z-192x300.jpg 192w, https:\/\/blog.liesdoch.de\/wp-content\/uploads\/2015\/08\/42770176z.jpg 270w\" sizes=\"auto, (max-width: 192px) 100vw, 192px\" \/><\/a><\/p>\n<p>&nbsp;<\/p>\n<p>&nbsp;<\/p>\n<p>Okko Herlyn, Was ist eigentlich evangelisch, Neukirchener Verlag 2015, ISBN 978-3-7615-6241-3<\/p>\n<p>&nbsp;<\/p>\n<p>Okko Herlyn, der als Pfarrer und Professor f\u00fcr Ethik, als Liedermache rund Kleinkabarettist in seinem langen Leben schon viele der Religion fremd gewordene Menschen f\u00fcr Theologie und theologisches Denken begeistern konnte, ist von einem \u00fcberzeugt: \u201eWir m\u00fcssen wieder lernen, auch \u00fcber das zu reden, was wir glauben, und das, was uns am Glauben schwer f\u00e4llt.\u201c Wie das gehen kann, zeigt er auf eine \u00fcberzeugende Weise in dem vorliegenden Buch.<\/p>\n<p>Menschen treten aus der evangelischen Kirche aus, weil sie sich \u00fcber den Papst \u00e4rgern. Andere halten evangelisch f\u00fcr das &#8222;kleinere \u00dcbel&#8220;. Manches ist von Halbwissen, Vorurteilen oder Tabus umnebelt. Gerade unter protestantischen Menschen regiert in Glaubensfragen nicht selten eine gewisse Rat- und Sprachlosigkeit.<\/p>\n<p>Mit &#8222;Was ist eigentlich evangelisch?&#8220; gibt Okko Herlyn eine erste Orientierung: von den biblischen Wurzeln \u00fcber die geschichtlichen Entwicklungen bis hin zu aktuellen Gegenwartsbez\u00fcgen. Sie machen Mut, sich selbst mit einem wachen, Gott und der Welt zugewandten, Protestantismus auseinanderzusetzen. Das alles in einer allgemeinverst\u00e4ndlichen, unverbrauchten und mitunter auch unkonventionellen Sprache, die dem Autor in den letzten Jahren eine immer gr\u00f6\u00dfer werdende Leserschaft eingebracht hat.<\/p>\n<p>&nbsp;<\/p>\n<p>Theologie als Lesegenuss? Geht das ? Lesen Sie selbst.<\/p>\n","protected":false},"excerpt":{"rendered":"<p>&nbsp; &nbsp; Okko Herlyn, Was ist eigentlich evangelisch, Neukirchener Verlag 2015, ISBN 978-3-7615-6241-3 &nbsp; Okko Herlyn, der als Pfarrer und Professor f\u00fcr Ethik, als Liedermache rund Kleinkabarettist in seinem langen Leben schon viele der Religion fremd gewordene Menschen f\u00fcr Theologie und theologisches Denken begeistern konnte, ist von einem \u00fcberzeugt: \u201eWir m\u00fcssen wieder lernen, auch \u00fcber &hellip; <a href=\"https:\/\/blog.liesdoch.de\/?p=402\" class=\"more-link\"><span class=\"screen-reader-text\">Was ist eigentlich evangelisch?<\/span> weiterlesen <span class=\"meta-nav\">&rarr;<\/span><\/a><\/p>\n","protected":false},"author":6,"featured_media":0,"comment_status":"open","ping_status":"open","sticky":false,"template":"","format":"standard","meta":{"footnotes":""},"categories":[1],"tags":[162],"class_list":["post-402","post","type-post","status-publish","format-standard","hentry","category-allgemein","tag-ev-theologie"],"_links":{"self":[{"href":"https:\/\/blog.liesdoch.de\/index.php?rest_route=\/wp\/v2\/posts\/402","targetHints":{"allow":["GET"]}}],"collection":[{"href":"https:\/\/blog.liesdoch.de\/index.php?rest_route=\/wp\/v2\/posts"}],"about":[{"href":"https:\/\/blog.liesdoch.de\/index.php?rest_route=\/wp\/v2\/types\/post"}],"author":[{"embeddable":true,"href":"https:\/\/blog.liesdoch.de\/index.php?rest_route=\/wp\/v2\/users\/6"}],"replies":[{"embeddable":true,"href":"https:\/\/blog.liesdoch.de\/index.php?rest_route=%2Fwp%2Fv2%2Fcomments&post=402"}],"version-history":[{"count":2,"href":"https:\/\/blog.liesdoch.de\/index.php?rest_route=\/wp\/v2\/posts\/402\/revisions"}],"predecessor-version":[{"id":405,"href":"https:\/\/blog.liesdoch.de\/index.php?rest_route=\/wp\/v2\/posts\/402\/revisions\/405"}],"wp:attachment":[{"href":"https:\/\/blog.liesdoch.de\/index.php?rest_route=%2Fwp%2Fv2%2Fmedia&parent=402"}],"wp:term":[{"taxonomy":"category","embeddable":true,"href":"https:\/\/blog.liesdoch.de\/index.php?rest_route=%2Fwp%2Fv2%2Fcategories&post=402"},{"taxonomy":"post_tag","embeddable":true,"href":"https:\/\/blog.liesdoch.de\/index.php?rest_route=%2Fwp%2Fv2%2Ftags&post=402"}],"curies":[{"name":"wp","href":"https:\/\/api.w.org\/{rel}","templated":true}]}}