{"id":4124,"date":"2017-04-10T10:21:33","date_gmt":"2017-04-10T08:21:33","guid":{"rendered":"http:\/\/blog.liesdoch.de\/?p=4124"},"modified":"2017-04-10T10:21:33","modified_gmt":"2017-04-10T08:21:33","slug":"was-ist-los-mit-dir-europa","status":"publish","type":"post","link":"https:\/\/blog.liesdoch.de\/?p=4124","title":{"rendered":"\u201eWas ist los mit dir, Europa?&#8220;"},"content":{"rendered":"<p>&nbsp;<\/p>\n<p>&nbsp;<\/p>\n<p>&nbsp;<\/p>\n<p><a href=\"http:\/\/blog.liesdoch.de\/wp-content\/uploads\/2017\/04\/46428990z.jpg\"><img loading=\"lazy\" decoding=\"async\" class=\"alignnone size-medium wp-image-4125\" src=\"http:\/\/blog.liesdoch.de\/wp-content\/uploads\/2017\/04\/46428990z-184x300.jpg\" alt=\"\" width=\"184\" height=\"300\" srcset=\"https:\/\/blog.liesdoch.de\/wp-content\/uploads\/2017\/04\/46428990z-184x300.jpg 184w, https:\/\/blog.liesdoch.de\/wp-content\/uploads\/2017\/04\/46428990z.jpg 258w\" sizes=\"auto, (max-width: 184px) 100vw, 184px\" \/><\/a><\/p>\n<p>&nbsp;<\/p>\n<p>Friedhelm Hengsbach, \u201eWas ist los mit dir, Europa\u201c, Westend 2017, ISBN 978-3-86489-166-3<\/p>\n<p>&nbsp;<\/p>\n<p>Die Frage, die Papst Franziskus 2016 bei der Verleihung des Karlspreises den anwesenden Vertretern der EU gestellt hat, ist der Titel des neuesten politischen Hoffnungsbuchs\u00a0 des katholischen Sozialethikers Friedhelm Hengsbach, in dem er f\u00fcr ein sich neu erfindendes Europa pl\u00e4diert, in dem mehr Gerechtigkeit, Frieden und Solidarit\u00e4t einfordert.<\/p>\n<p>&nbsp;<\/p>\n<p>Er traut Europa und seinen V\u00f6lkern viel zu, auch wenn er konzediert, dass f\u00fcr ein Wandel hin zu einem gerechteren und solidarischen Europa als Teil einer Weltgemeinschaft Zeit von N\u00f6ten ist. Doch er ist auf eine Weise optimistisch, wie sie einem aufrechten Christen ansteht, optimistisch und deshalb radikal. Er schreibt in seinem Buch:<\/p>\n<p>&#8222;In einer globalisierten Welt w\u00e4chst die Solidarit\u00e4t \u00fcber nationale und kontinentale Grenzen hinaus. Innerhalb einer Nation braucht es Zeit, bis sich ein Bewusstsein aufgrund erlebter Geschichte oder gemeinsamer Interessen gebildet hat. Erst recht fremdeln Menschen, wenn supranationale oder internationale Solidarit\u00e4t eingefordert wird. Dass die gesamte Menschheit zunehmend in eine Solidargemeinschaft hineinw\u00e4chst, ist dem wachsenden \u00f6kologischen Bewusstsein und der Einsicht geschuldet, dass alle Menschen relativ unterschiedslos Bewohner eines gemeinsamen Hauses, des blauen Planeten Erde sind, der ihnen den Raum zu leben bietet.&#8220;<\/p>\n<p>&nbsp;<\/p>\n<p>Das sich diese Einsicht weiter verbreitet, hat aktuell wenig g\u00fcnstige Bedingungen. Doch wenn es keine vision\u00e4ren Menschen g\u00e4be wie Hengsbach, m\u00fcsste man das ganze Projekt Europa schon von vornherein verloren geben.<\/p>\n<p>&nbsp;<\/p>\n<p>Und das kann keine christlich-politische Option sein.<\/p>\n<p>&nbsp;<\/p>\n<p>&nbsp;<\/p>\n","protected":false},"excerpt":{"rendered":"<p>&nbsp; &nbsp; &nbsp; &nbsp; Friedhelm Hengsbach, \u201eWas ist los mit dir, Europa\u201c, Westend 2017, ISBN 978-3-86489-166-3 &nbsp; Die Frage, die Papst Franziskus 2016 bei der Verleihung des Karlspreises den anwesenden Vertretern der EU gestellt hat, ist der Titel des neuesten politischen Hoffnungsbuchs\u00a0 des katholischen Sozialethikers Friedhelm Hengsbach, in dem er f\u00fcr ein sich neu erfindendes &hellip; <a href=\"https:\/\/blog.liesdoch.de\/?p=4124\" class=\"more-link\"><span class=\"screen-reader-text\">\u201eWas ist los mit dir, Europa?&#8220;<\/span> weiterlesen <span class=\"meta-nav\">&rarr;<\/span><\/a><\/p>\n","protected":false},"author":6,"featured_media":0,"comment_status":"closed","ping_status":"open","sticky":false,"template":"","format":"standard","meta":{"footnotes":""},"categories":[1],"tags":[],"class_list":["post-4124","post","type-post","status-publish","format-standard","hentry","category-allgemein"],"_links":{"self":[{"href":"https:\/\/blog.liesdoch.de\/index.php?rest_route=\/wp\/v2\/posts\/4124","targetHints":{"allow":["GET"]}}],"collection":[{"href":"https:\/\/blog.liesdoch.de\/index.php?rest_route=\/wp\/v2\/posts"}],"about":[{"href":"https:\/\/blog.liesdoch.de\/index.php?rest_route=\/wp\/v2\/types\/post"}],"author":[{"embeddable":true,"href":"https:\/\/blog.liesdoch.de\/index.php?rest_route=\/wp\/v2\/users\/6"}],"replies":[{"embeddable":true,"href":"https:\/\/blog.liesdoch.de\/index.php?rest_route=%2Fwp%2Fv2%2Fcomments&post=4124"}],"version-history":[{"count":1,"href":"https:\/\/blog.liesdoch.de\/index.php?rest_route=\/wp\/v2\/posts\/4124\/revisions"}],"predecessor-version":[{"id":4126,"href":"https:\/\/blog.liesdoch.de\/index.php?rest_route=\/wp\/v2\/posts\/4124\/revisions\/4126"}],"wp:attachment":[{"href":"https:\/\/blog.liesdoch.de\/index.php?rest_route=%2Fwp%2Fv2%2Fmedia&parent=4124"}],"wp:term":[{"taxonomy":"category","embeddable":true,"href":"https:\/\/blog.liesdoch.de\/index.php?rest_route=%2Fwp%2Fv2%2Fcategories&post=4124"},{"taxonomy":"post_tag","embeddable":true,"href":"https:\/\/blog.liesdoch.de\/index.php?rest_route=%2Fwp%2Fv2%2Ftags&post=4124"}],"curies":[{"name":"wp","href":"https:\/\/api.w.org\/{rel}","templated":true}]}}