{"id":4133,"date":"2017-04-10T10:23:22","date_gmt":"2017-04-10T08:23:22","guid":{"rendered":"http:\/\/blog.liesdoch.de\/?p=4133"},"modified":"2017-04-10T10:23:22","modified_gmt":"2017-04-10T08:23:22","slug":"regen","status":"publish","type":"post","link":"https:\/\/blog.liesdoch.de\/?p=4133","title":{"rendered":"Regen"},"content":{"rendered":"<p>&nbsp;<\/p>\n<p>&nbsp;<\/p>\n<p>&nbsp;<\/p>\n<p><a href=\"http:\/\/blog.liesdoch.de\/wp-content\/uploads\/2017\/04\/47018748z.jpg\"><img loading=\"lazy\" decoding=\"async\" class=\"alignnone size-medium wp-image-4134\" src=\"http:\/\/blog.liesdoch.de\/wp-content\/uploads\/2017\/04\/47018748z-218x300.jpg\" alt=\"\" width=\"218\" height=\"300\" srcset=\"https:\/\/blog.liesdoch.de\/wp-content\/uploads\/2017\/04\/47018748z-218x300.jpg 218w, https:\/\/blog.liesdoch.de\/wp-content\/uploads\/2017\/04\/47018748z.jpg 305w\" sizes=\"auto, (max-width: 218px) 100vw, 218px\" \/><\/a><\/p>\n<p>Sam Usher, Regen, Annette Betz 2017, ISBN 978-3-219-11727-1<\/p>\n<p>&nbsp;<\/p>\n<p>Von Meike Blatnik aus dem Englischen \u00fcbersetzt, erz\u00e4hlt dieses Bilderbuch von Sam Usher in der Ich-Form von einem kleinen Jungen. Als er eines Morgens aufwacht, regnet es drau\u00dfen und er m\u00f6chte gerne raus spielen. Er erkl\u00e4rt es auch seinem Opa, doch der muss einen Brief schreiben und\u00a0 r\u00e4t, lieber zu warten, bis es aufgeh\u00f6rt hat zu regnen. Doch es regnet immer weiter, der Junge schaut sehns\u00fcchtig aus dem Fenster und denkt sich immer neue Phantasiespiele aus, die er machen w\u00fcrde, k\u00f6nnte er raus.<\/p>\n<p>&nbsp;<\/p>\n<p>Endlich, Stunden sp\u00e4ter, ist der Brief fertig und es hat aufgeh\u00f6rt zu regnen.\u00a0 Der Junge geht, Gummistiefel an den F\u00fc\u00dfen und Regenschirm in der Hand, mit dem Opa zum Briefkasten.<\/p>\n<p>&nbsp;<\/p>\n<p>Da beginnt es erneut zu regnen und eine phantastische Reise in\u00a0 Gondeln mit Drachen, Seeungeheuern, Clowns und\u00a0 anderen wunderbaren Gestalten beginnt.<\/p>\n<p>&nbsp;<\/p>\n<p>Ein zauberhaft illustriertes Bilderbuch \u00fcber den Regen und wieviel Spa\u00df es machen kann, mit der n\u00f6tigen Ausr\u00fcstung auch im Regen drau\u00dfen zu sein.<\/p>\n","protected":false},"excerpt":{"rendered":"<p>&nbsp; &nbsp; &nbsp; Sam Usher, Regen, Annette Betz 2017, ISBN 978-3-219-11727-1 &nbsp; Von Meike Blatnik aus dem Englischen \u00fcbersetzt, erz\u00e4hlt dieses Bilderbuch von Sam Usher in der Ich-Form von einem kleinen Jungen. Als er eines Morgens aufwacht, regnet es drau\u00dfen und er m\u00f6chte gerne raus spielen. Er erkl\u00e4rt es auch seinem Opa, doch der muss &hellip; <a href=\"https:\/\/blog.liesdoch.de\/?p=4133\" class=\"more-link\"><span class=\"screen-reader-text\">Regen<\/span> weiterlesen <span class=\"meta-nav\">&rarr;<\/span><\/a><\/p>\n","protected":false},"author":6,"featured_media":0,"comment_status":"closed","ping_status":"open","sticky":false,"template":"","format":"standard","meta":{"footnotes":""},"categories":[1],"tags":[],"class_list":["post-4133","post","type-post","status-publish","format-standard","hentry","category-allgemein"],"_links":{"self":[{"href":"https:\/\/blog.liesdoch.de\/index.php?rest_route=\/wp\/v2\/posts\/4133","targetHints":{"allow":["GET"]}}],"collection":[{"href":"https:\/\/blog.liesdoch.de\/index.php?rest_route=\/wp\/v2\/posts"}],"about":[{"href":"https:\/\/blog.liesdoch.de\/index.php?rest_route=\/wp\/v2\/types\/post"}],"author":[{"embeddable":true,"href":"https:\/\/blog.liesdoch.de\/index.php?rest_route=\/wp\/v2\/users\/6"}],"replies":[{"embeddable":true,"href":"https:\/\/blog.liesdoch.de\/index.php?rest_route=%2Fwp%2Fv2%2Fcomments&post=4133"}],"version-history":[{"count":1,"href":"https:\/\/blog.liesdoch.de\/index.php?rest_route=\/wp\/v2\/posts\/4133\/revisions"}],"predecessor-version":[{"id":4135,"href":"https:\/\/blog.liesdoch.de\/index.php?rest_route=\/wp\/v2\/posts\/4133\/revisions\/4135"}],"wp:attachment":[{"href":"https:\/\/blog.liesdoch.de\/index.php?rest_route=%2Fwp%2Fv2%2Fmedia&parent=4133"}],"wp:term":[{"taxonomy":"category","embeddable":true,"href":"https:\/\/blog.liesdoch.de\/index.php?rest_route=%2Fwp%2Fv2%2Fcategories&post=4133"},{"taxonomy":"post_tag","embeddable":true,"href":"https:\/\/blog.liesdoch.de\/index.php?rest_route=%2Fwp%2Fv2%2Ftags&post=4133"}],"curies":[{"name":"wp","href":"https:\/\/api.w.org\/{rel}","templated":true}]}}