{"id":417,"date":"2015-08-25T10:50:27","date_gmt":"2015-08-25T08:50:27","guid":{"rendered":"http:\/\/blog.liesdoch.de\/?p=417"},"modified":"2015-08-25T10:50:27","modified_gmt":"2015-08-25T08:50:27","slug":"bergfieber","status":"publish","type":"post","link":"https:\/\/blog.liesdoch.de\/?p=417","title":{"rendered":"Bergfieber"},"content":{"rendered":"<p>&nbsp;<\/p>\n<p><a href=\"http:\/\/blog.liesdoch.de\/wp-content\/uploads\/2015\/08\/42692500z.jpg\"><img loading=\"lazy\" decoding=\"async\" class=\"alignnone size-medium wp-image-418\" src=\"http:\/\/blog.liesdoch.de\/wp-content\/uploads\/2015\/08\/42692500z-215x300.jpg\" alt=\"42692500z\" width=\"215\" height=\"300\" srcset=\"https:\/\/blog.liesdoch.de\/wp-content\/uploads\/2015\/08\/42692500z-215x300.jpg 215w, https:\/\/blog.liesdoch.de\/wp-content\/uploads\/2015\/08\/42692500z.jpg 301w\" sizes=\"auto, (max-width: 215px) 100vw, 215px\" \/><\/a><\/p>\n<p>&nbsp;<\/p>\n<p>Daniela Schwegler, Bergfieber. H\u00fcttenwartinnen im Portr\u00e4t, Rotpunktverlag 2015, ISBN 978-3-85869-668-7<\/p>\n<p>&nbsp;<\/p>\n<p>12 Frauen im Alter zwischen 32 und 79 Jahren werden in diesem au\u00dfergew\u00f6hnlichen Buch portr\u00e4tiert. Frauen, wie es sie wohl nur in der Schweiz gibt. Sie alle eint ihre zum Teil schon jahrzehntelange T\u00e4tigkeit als H\u00fcttenwartin. Sehr pur, immer direkt und mit einer geh\u00f6rigen Portion Humor erz\u00e4hlen sie von ihrem Leben mit Wind und Wetter, beschreiben immer wieder unterschiedlich und doch wieder \u00e4hnlich ihre gro\u00dfe Freiheit drt oben am Berg und reden von der Demut, die er sie gelehrt hat.<br \/>\nPortr\u00e4ts ganz eigenwilliger und beeindruckender Frauen haben die beiden Autorinnen durch ihre sensiblen Interviews und Fotografien geschaffen, die die H\u00fcttenwartinnen durch einen Tourentipp erg\u00e4nzt haben, der von ihrer H\u00fctte seinen Anfang nimmt oder dort sein Ende findet.<\/p>\n<p>Ein ganz besonderes Buch f\u00fcr Liebhaber magischer Orte und au\u00dfergew\u00f6hnlicher Menschen.<\/p>\n","protected":false},"excerpt":{"rendered":"<p>&nbsp; &nbsp; Daniela Schwegler, Bergfieber. H\u00fcttenwartinnen im Portr\u00e4t, Rotpunktverlag 2015, ISBN 978-3-85869-668-7 &nbsp; 12 Frauen im Alter zwischen 32 und 79 Jahren werden in diesem au\u00dfergew\u00f6hnlichen Buch portr\u00e4tiert. Frauen, wie es sie wohl nur in der Schweiz gibt. Sie alle eint ihre zum Teil schon jahrzehntelange T\u00e4tigkeit als H\u00fcttenwartin. Sehr pur, immer direkt und mit &hellip; <a href=\"https:\/\/blog.liesdoch.de\/?p=417\" class=\"more-link\"><span class=\"screen-reader-text\">Bergfieber<\/span> weiterlesen <span class=\"meta-nav\">&rarr;<\/span><\/a><\/p>\n","protected":false},"author":6,"featured_media":0,"comment_status":"open","ping_status":"open","sticky":false,"template":"","format":"standard","meta":{"footnotes":""},"categories":[1],"tags":[168,166,167],"class_list":["post-417","post","type-post","status-publish","format-standard","hentry","category-allgemein","tag-frauen","tag-huetternwartin","tag-portraet"],"_links":{"self":[{"href":"https:\/\/blog.liesdoch.de\/index.php?rest_route=\/wp\/v2\/posts\/417","targetHints":{"allow":["GET"]}}],"collection":[{"href":"https:\/\/blog.liesdoch.de\/index.php?rest_route=\/wp\/v2\/posts"}],"about":[{"href":"https:\/\/blog.liesdoch.de\/index.php?rest_route=\/wp\/v2\/types\/post"}],"author":[{"embeddable":true,"href":"https:\/\/blog.liesdoch.de\/index.php?rest_route=\/wp\/v2\/users\/6"}],"replies":[{"embeddable":true,"href":"https:\/\/blog.liesdoch.de\/index.php?rest_route=%2Fwp%2Fv2%2Fcomments&post=417"}],"version-history":[{"count":1,"href":"https:\/\/blog.liesdoch.de\/index.php?rest_route=\/wp\/v2\/posts\/417\/revisions"}],"predecessor-version":[{"id":419,"href":"https:\/\/blog.liesdoch.de\/index.php?rest_route=\/wp\/v2\/posts\/417\/revisions\/419"}],"wp:attachment":[{"href":"https:\/\/blog.liesdoch.de\/index.php?rest_route=%2Fwp%2Fv2%2Fmedia&parent=417"}],"wp:term":[{"taxonomy":"category","embeddable":true,"href":"https:\/\/blog.liesdoch.de\/index.php?rest_route=%2Fwp%2Fv2%2Fcategories&post=417"},{"taxonomy":"post_tag","embeddable":true,"href":"https:\/\/blog.liesdoch.de\/index.php?rest_route=%2Fwp%2Fv2%2Ftags&post=417"}],"curies":[{"name":"wp","href":"https:\/\/api.w.org\/{rel}","templated":true}]}}