{"id":4193,"date":"2017-04-18T14:27:09","date_gmt":"2017-04-18T12:27:09","guid":{"rendered":"http:\/\/blog.liesdoch.de\/?p=4193"},"modified":"2017-04-18T14:27:09","modified_gmt":"2017-04-18T12:27:09","slug":"habt-ihr-schon-vom-wolf-gehoert","status":"publish","type":"post","link":"https:\/\/blog.liesdoch.de\/?p=4193","title":{"rendered":"Habt ihr schon vom  Wolf geh\u00f6rt?"},"content":{"rendered":"<p>&nbsp;<\/p>\n<p>&nbsp;<\/p>\n<p>&nbsp;<\/p>\n<p>&nbsp;<\/p>\n<p>&nbsp;<\/p>\n<p>&nbsp;<\/p>\n<p>&nbsp;<\/p>\n<p><a href=\"http:\/\/blog.liesdoch.de\/wp-content\/uploads\/2017\/04\/46904080z.jpg\"><img loading=\"lazy\" decoding=\"async\" class=\"alignnone size-medium wp-image-4194\" src=\"http:\/\/blog.liesdoch.de\/wp-content\/uploads\/2017\/04\/46904080z-265x300.jpg\" alt=\"\" width=\"265\" height=\"300\" srcset=\"https:\/\/blog.liesdoch.de\/wp-content\/uploads\/2017\/04\/46904080z-265x300.jpg 265w, https:\/\/blog.liesdoch.de\/wp-content\/uploads\/2017\/04\/46904080z.jpg 420w\" sizes=\"auto, (max-width: 265px) 100vw, 265px\" \/><\/a><\/p>\n<p>Quentin Greban, Habt ihr schon vom Wolf geh\u00f6rt, Orell F\u00fcssli 2017, ISBN 978-3-280-03538-2<\/p>\n<p>&nbsp;<\/p>\n<p>Dieses schon 2009 auf Franz\u00f6sisch in Namur in Belgien erschienene Bilderbuch von Quentin Greban thematisiert auf eine lustige und nachdenkliche Weise das Ph\u00e4nomen, wie Ger\u00fcchte entstehen, die durch \u00dcbertreibung immer \u00fcbler werden und schon bald mit der Realit\u00e4t nichts mehr zu tun haben.<\/p>\n<p>&nbsp;<\/p>\n<p>Eine W\u00f6lfin trifft auf ein kleines Lamm, das seine Herde verloren hat, und l\u00e4chelt es freundlich an. Das ver\u00e4ngstigte L\u00e4mmchen aber sieht nur gebleckte Z\u00e4hne und fl\u00fcchtet zu den Schweinen.<br \/>\nDiesen berichtet es, dass es von einem b\u00f6sen Wolf angeknurrt wurde. Die Schweine sind emp\u00f6rt und erz\u00e4hlen die Geschichte der Gans und auch sie \u00fcbertreiben ein wenig. Wie ein Lauffeuer verbreitet sich die Nachricht und jedes Tier schm\u00fcckt die Geschichte noch etwas weiter aus, macht den Wolf noch gr\u00f6\u00dfer, noch gef\u00e4hrlicher und noch schrecklicher. Als schlie\u00dflich die W\u00f6lfin h\u00f6rt, wie sich zwei Meisen \u00fcber ein gef\u00e4hrliches Monster unterhalten, bekommt sie es mit der Angst zu tun. Ahnungslos, dass sie selber damit gemeint ist, fl\u00fcchtet sie mit ihren Jungen.<\/p>\n<p>&nbsp;<\/p>\n<p>Ein hintersinniges Bilderbuch.<\/p>\n","protected":false},"excerpt":{"rendered":"<p>&nbsp; &nbsp; &nbsp; &nbsp; &nbsp; &nbsp; &nbsp; Quentin Greban, Habt ihr schon vom Wolf geh\u00f6rt, Orell F\u00fcssli 2017, ISBN 978-3-280-03538-2 &nbsp; Dieses schon 2009 auf Franz\u00f6sisch in Namur in Belgien erschienene Bilderbuch von Quentin Greban thematisiert auf eine lustige und nachdenkliche Weise das Ph\u00e4nomen, wie Ger\u00fcchte entstehen, die durch \u00dcbertreibung immer \u00fcbler werden und schon &hellip; <a href=\"https:\/\/blog.liesdoch.de\/?p=4193\" class=\"more-link\"><span class=\"screen-reader-text\">Habt ihr schon vom  Wolf geh\u00f6rt?<\/span> weiterlesen <span class=\"meta-nav\">&rarr;<\/span><\/a><\/p>\n","protected":false},"author":6,"featured_media":0,"comment_status":"closed","ping_status":"open","sticky":false,"template":"","format":"standard","meta":{"footnotes":""},"categories":[1],"tags":[],"class_list":["post-4193","post","type-post","status-publish","format-standard","hentry","category-allgemein"],"_links":{"self":[{"href":"https:\/\/blog.liesdoch.de\/index.php?rest_route=\/wp\/v2\/posts\/4193","targetHints":{"allow":["GET"]}}],"collection":[{"href":"https:\/\/blog.liesdoch.de\/index.php?rest_route=\/wp\/v2\/posts"}],"about":[{"href":"https:\/\/blog.liesdoch.de\/index.php?rest_route=\/wp\/v2\/types\/post"}],"author":[{"embeddable":true,"href":"https:\/\/blog.liesdoch.de\/index.php?rest_route=\/wp\/v2\/users\/6"}],"replies":[{"embeddable":true,"href":"https:\/\/blog.liesdoch.de\/index.php?rest_route=%2Fwp%2Fv2%2Fcomments&post=4193"}],"version-history":[{"count":1,"href":"https:\/\/blog.liesdoch.de\/index.php?rest_route=\/wp\/v2\/posts\/4193\/revisions"}],"predecessor-version":[{"id":4195,"href":"https:\/\/blog.liesdoch.de\/index.php?rest_route=\/wp\/v2\/posts\/4193\/revisions\/4195"}],"wp:attachment":[{"href":"https:\/\/blog.liesdoch.de\/index.php?rest_route=%2Fwp%2Fv2%2Fmedia&parent=4193"}],"wp:term":[{"taxonomy":"category","embeddable":true,"href":"https:\/\/blog.liesdoch.de\/index.php?rest_route=%2Fwp%2Fv2%2Fcategories&post=4193"},{"taxonomy":"post_tag","embeddable":true,"href":"https:\/\/blog.liesdoch.de\/index.php?rest_route=%2Fwp%2Fv2%2Ftags&post=4193"}],"curies":[{"name":"wp","href":"https:\/\/api.w.org\/{rel}","templated":true}]}}