{"id":4201,"date":"2017-04-19T10:20:00","date_gmt":"2017-04-19T08:20:00","guid":{"rendered":"http:\/\/blog.liesdoch.de\/?p=4201"},"modified":"2017-04-19T10:20:00","modified_gmt":"2017-04-19T08:20:00","slug":"die-getriebenen","status":"publish","type":"post","link":"https:\/\/blog.liesdoch.de\/?p=4201","title":{"rendered":"Die Getriebenen"},"content":{"rendered":"<p>&nbsp;<\/p>\n<p>&nbsp;<\/p>\n<p>&nbsp;<\/p>\n<p><a href=\"http:\/\/blog.liesdoch.de\/wp-content\/uploads\/2017\/04\/47031678z.jpg\"><img loading=\"lazy\" decoding=\"async\" class=\"alignnone size-medium wp-image-4202\" src=\"http:\/\/blog.liesdoch.de\/wp-content\/uploads\/2017\/04\/47031678z-194x300.jpg\" alt=\"\" width=\"194\" height=\"300\" srcset=\"https:\/\/blog.liesdoch.de\/wp-content\/uploads\/2017\/04\/47031678z-194x300.jpg 194w, https:\/\/blog.liesdoch.de\/wp-content\/uploads\/2017\/04\/47031678z.jpg 271w\" sizes=\"auto, (max-width: 194px) 100vw, 194px\" \/><\/a><\/p>\n<p>&nbsp;<\/p>\n<p>Robin Alexander, Die Getriebenen, Siedler 2017, ISBN 978-3-8275-0093-9<\/p>\n<p>&nbsp;<\/p>\n<p>In einer in solcher Qualit\u00e4t lange nicht erlebten journalistischen Recherche zeichnet der Hauptstadtkorrespondent der WELT, Robin Alexander, in dem vorliegenden Buch ein Gesamtbild dessen, was zwischen dem September 2015 und dem M\u00e4rz 2016 unter deutschem Regierungshandeln geschehen ist. Ein dramatisches Kapitel deutscher Geschichte wird hier mit zahlreichen der \u00d6ffentlichkeit bisher nicht bekannten Details erz\u00e4hlt, das erst mit der von anderen L\u00e4ndern durchgesetzten Schlie\u00dfung der Balkanroute vorerst beendet wurde.<\/p>\n<p>&nbsp;<\/p>\n<p>Am 12.9. 2015 gab es eine Vereinbarung der Spitzen der Gro\u00dfen Koalition, die besagte, dass man vom n\u00e4chsten Tag an die deutsche Grenze f\u00fcr Fl\u00fcchtlinge schlie\u00dfen wollte, und Menschenmassen nach \u00d6sterreich zur\u00fcckzuschicken. In seltener Einigkeit hielten Merkel, de Maizi\u00e8re, Altmaier, Gabriel, Steinmeier und Seehofer das f\u00fcr geboten. Doch wohl aus Angst vor der \u00f6ffentlichen Meinung\u00a0 und vor Gerichtsentscheidungen wurde dieser Plan nie umgesetzt. Niemand wollte zu diesem Zeitpunkt daf\u00fcr die politische Verantwortung \u00fcbernehmen.<\/p>\n<p>&nbsp;<\/p>\n<p>Das Buch von Robin Alexander schildert minuti\u00f6s, was damals geschah, reflektiert das Handeln der Akteure und beleuchtet im zweiten Teil das Verh\u00e4ltnis von Angela Merkel zur T\u00fcrkei und zu Erdogan, das in diesen Tagen wieder brandaktuell geworden ist. Immer wieder geht es um die Konkurrenz zweier L\u00f6sungsans\u00e4tze: EU-T\u00fcrkei-Abkommen einerseits und Grenzschlie\u00dfung andererseits.<\/p>\n<p>&nbsp;<\/p>\n<p>Er sitzt sozusagen zwischen den St\u00fchlen mit seiner Darstellung: \u201eDie Anh\u00e4nger beider Sichtweisen werden von diesem Buch entt\u00e4uscht sein. Es erz\u00e4hlt weder eine Heiligengeschichte noch ein Schurkenst\u00fcck.\u201c<\/p>\n<p>&nbsp;<\/p>\n<p>Das Buch ist spannend zu lesen, weil es bei aller Differenziertheit nicht mit Kritik an Angela Merkel spart. Und eines ist sicher: nicht nur wegen des fragilen Verh\u00e4ltnisses zur T\u00fcrkei nach dem Referenden und den ihm vorangehenden Unversch\u00e4mtheiten, sondern auch wegen der immer gr\u00f6\u00dfer werdenden Zahl von Fl\u00fcchtlingen, die zu Tausenden jeden Tag \u00fcber das Mittelmeer kommen und von denen keiner in Italien bleiben will.<\/p>\n<p>&nbsp;<\/p>\n<p>Es gibt noch keine L\u00f6sung, und der angestrengte Versuch, dieses Thema aus dem Wahlkampf herauszuhalten, wird scheitern.<\/p>\n<p>&nbsp;<\/p>\n<p>.<\/p>\n","protected":false},"excerpt":{"rendered":"<p>&nbsp; &nbsp; &nbsp; &nbsp; Robin Alexander, Die Getriebenen, Siedler 2017, ISBN 978-3-8275-0093-9 &nbsp; In einer in solcher Qualit\u00e4t lange nicht erlebten journalistischen Recherche zeichnet der Hauptstadtkorrespondent der WELT, Robin Alexander, in dem vorliegenden Buch ein Gesamtbild dessen, was zwischen dem September 2015 und dem M\u00e4rz 2016 unter deutschem Regierungshandeln geschehen ist. Ein dramatisches Kapitel deutscher &hellip; <a href=\"https:\/\/blog.liesdoch.de\/?p=4201\" class=\"more-link\"><span class=\"screen-reader-text\">Die Getriebenen<\/span> weiterlesen <span class=\"meta-nav\">&rarr;<\/span><\/a><\/p>\n","protected":false},"author":6,"featured_media":0,"comment_status":"closed","ping_status":"open","sticky":false,"template":"","format":"standard","meta":{"footnotes":""},"categories":[1],"tags":[],"class_list":["post-4201","post","type-post","status-publish","format-standard","hentry","category-allgemein"],"_links":{"self":[{"href":"https:\/\/blog.liesdoch.de\/index.php?rest_route=\/wp\/v2\/posts\/4201","targetHints":{"allow":["GET"]}}],"collection":[{"href":"https:\/\/blog.liesdoch.de\/index.php?rest_route=\/wp\/v2\/posts"}],"about":[{"href":"https:\/\/blog.liesdoch.de\/index.php?rest_route=\/wp\/v2\/types\/post"}],"author":[{"embeddable":true,"href":"https:\/\/blog.liesdoch.de\/index.php?rest_route=\/wp\/v2\/users\/6"}],"replies":[{"embeddable":true,"href":"https:\/\/blog.liesdoch.de\/index.php?rest_route=%2Fwp%2Fv2%2Fcomments&post=4201"}],"version-history":[{"count":1,"href":"https:\/\/blog.liesdoch.de\/index.php?rest_route=\/wp\/v2\/posts\/4201\/revisions"}],"predecessor-version":[{"id":4203,"href":"https:\/\/blog.liesdoch.de\/index.php?rest_route=\/wp\/v2\/posts\/4201\/revisions\/4203"}],"wp:attachment":[{"href":"https:\/\/blog.liesdoch.de\/index.php?rest_route=%2Fwp%2Fv2%2Fmedia&parent=4201"}],"wp:term":[{"taxonomy":"category","embeddable":true,"href":"https:\/\/blog.liesdoch.de\/index.php?rest_route=%2Fwp%2Fv2%2Fcategories&post=4201"},{"taxonomy":"post_tag","embeddable":true,"href":"https:\/\/blog.liesdoch.de\/index.php?rest_route=%2Fwp%2Fv2%2Ftags&post=4201"}],"curies":[{"name":"wp","href":"https:\/\/api.w.org\/{rel}","templated":true}]}}