{"id":4208,"date":"2017-04-19T11:31:06","date_gmt":"2017-04-19T09:31:06","guid":{"rendered":"http:\/\/blog.liesdoch.de\/?p=4208"},"modified":"2017-04-19T11:31:06","modified_gmt":"2017-04-19T09:31:06","slug":"kleine-bewegung-dieb","status":"publish","type":"post","link":"https:\/\/blog.liesdoch.de\/?p=4208","title":{"rendered":"Kleine Bewegung, Dieb!"},"content":{"rendered":"<p>&nbsp;<\/p>\n<p>&nbsp;<\/p>\n<p>&nbsp;<\/p>\n<p>&nbsp;<\/p>\n<p>&nbsp;<\/p>\n<p>&nbsp;<\/p>\n<p>&nbsp;<\/p>\n<p>&nbsp;<\/p>\n<p><a href=\"http:\/\/blog.liesdoch.de\/wp-content\/uploads\/2017\/04\/46991276z.jpg\"><img loading=\"lazy\" decoding=\"async\" class=\"alignnone size-medium wp-image-4209\" src=\"http:\/\/blog.liesdoch.de\/wp-content\/uploads\/2017\/04\/46991276z-300x232.jpg\" alt=\"\" width=\"300\" height=\"232\" srcset=\"https:\/\/blog.liesdoch.de\/wp-content\/uploads\/2017\/04\/46991276z-300x232.jpg 300w, https:\/\/blog.liesdoch.de\/wp-content\/uploads\/2017\/04\/46991276z.jpg 475w\" sizes=\"auto, (max-width: 300px) 100vw, 300px\" \/><\/a><\/p>\n<p>Horst Klein, Kleine Bewegung, Dieb, Klett Kinderbuch 2017, ISBN 978-3-94470-162-9<\/p>\n<p>&nbsp;<\/p>\n<p>So kann man auch das ABC lernen. Und mit viel mehr Spa\u00df! In Horst Kleins witzigem und frechem Bilderbuch f\u00fcr Kinder ab sechs Jahren taucht nun schon zum zweiten Mal (das erste Buch 2016 hie\u00df \u201eHaltet den Dieb!\u201c) immer wieder ein Buchstabendieb auf.\u00a0 Auch dieses Mal stiehlt er bei bestimmten W\u00f6rtern einen Buchstaben und ver\u00e4ndert dadurch nicht nur das Wort und seine Bedeutung, sondern auch die dazugeh\u00f6rige Illustration auf der rechten Buchseite.<\/p>\n<p>Die jungen Leser des Buches sind eingeladen, dabei mitzuhelfen. Sie k\u00f6nnen mitreimen (alle Texte sind in Reimen gefasst), mitr\u00e4tseln und vor allen Dingen \u2013 immer wieder mitlachen.<\/p>\n<p>&nbsp;<\/p>\n<p>So wie in diesem Buch wird das Erlernen des ABC nicht nur eine reine Technik, sondern es vermittelt vom ersten Buchstaben an die Freude am Reichtum der Sprache und ihrer Ausdrucksm\u00f6glichkeiten.<\/p>\n<p>&nbsp;<\/p>\n<p>Sehr zu empfehlen f\u00fcr alle, die in diesem Jahr die Schule beginnen werden.<\/p>\n","protected":false},"excerpt":{"rendered":"<p>&nbsp; &nbsp; &nbsp; &nbsp; &nbsp; &nbsp; &nbsp; &nbsp; Horst Klein, Kleine Bewegung, Dieb, Klett Kinderbuch 2017, ISBN 978-3-94470-162-9 &nbsp; So kann man auch das ABC lernen. Und mit viel mehr Spa\u00df! In Horst Kleins witzigem und frechem Bilderbuch f\u00fcr Kinder ab sechs Jahren taucht nun schon zum zweiten Mal (das erste Buch 2016 hie\u00df \u201eHaltet &hellip; <a href=\"https:\/\/blog.liesdoch.de\/?p=4208\" class=\"more-link\"><span class=\"screen-reader-text\">Kleine Bewegung, Dieb!<\/span> weiterlesen <span class=\"meta-nav\">&rarr;<\/span><\/a><\/p>\n","protected":false},"author":6,"featured_media":0,"comment_status":"closed","ping_status":"open","sticky":false,"template":"","format":"standard","meta":{"footnotes":""},"categories":[1],"tags":[],"class_list":["post-4208","post","type-post","status-publish","format-standard","hentry","category-allgemein"],"_links":{"self":[{"href":"https:\/\/blog.liesdoch.de\/index.php?rest_route=\/wp\/v2\/posts\/4208","targetHints":{"allow":["GET"]}}],"collection":[{"href":"https:\/\/blog.liesdoch.de\/index.php?rest_route=\/wp\/v2\/posts"}],"about":[{"href":"https:\/\/blog.liesdoch.de\/index.php?rest_route=\/wp\/v2\/types\/post"}],"author":[{"embeddable":true,"href":"https:\/\/blog.liesdoch.de\/index.php?rest_route=\/wp\/v2\/users\/6"}],"replies":[{"embeddable":true,"href":"https:\/\/blog.liesdoch.de\/index.php?rest_route=%2Fwp%2Fv2%2Fcomments&post=4208"}],"version-history":[{"count":1,"href":"https:\/\/blog.liesdoch.de\/index.php?rest_route=\/wp\/v2\/posts\/4208\/revisions"}],"predecessor-version":[{"id":4210,"href":"https:\/\/blog.liesdoch.de\/index.php?rest_route=\/wp\/v2\/posts\/4208\/revisions\/4210"}],"wp:attachment":[{"href":"https:\/\/blog.liesdoch.de\/index.php?rest_route=%2Fwp%2Fv2%2Fmedia&parent=4208"}],"wp:term":[{"taxonomy":"category","embeddable":true,"href":"https:\/\/blog.liesdoch.de\/index.php?rest_route=%2Fwp%2Fv2%2Fcategories&post=4208"},{"taxonomy":"post_tag","embeddable":true,"href":"https:\/\/blog.liesdoch.de\/index.php?rest_route=%2Fwp%2Fv2%2Ftags&post=4208"}],"curies":[{"name":"wp","href":"https:\/\/api.w.org\/{rel}","templated":true}]}}