{"id":4219,"date":"2017-04-24T12:33:30","date_gmt":"2017-04-24T10:33:30","guid":{"rendered":"http:\/\/blog.liesdoch.de\/?p=4219"},"modified":"2017-04-24T12:33:30","modified_gmt":"2017-04-24T10:33:30","slug":"was-macht-die-koenigin-von-frueh-bis-spaet","status":"publish","type":"post","link":"https:\/\/blog.liesdoch.de\/?p=4219","title":{"rendered":"Was macht die K\u00f6nigin von fr\u00fch bis sp\u00e4t?"},"content":{"rendered":"<p>&nbsp;<\/p>\n<p>&nbsp;<\/p>\n<p><a href=\"http:\/\/blog.liesdoch.de\/wp-content\/uploads\/2017\/04\/44953249z.jpg\"><img loading=\"lazy\" decoding=\"async\" class=\"alignnone size-medium wp-image-4220\" src=\"http:\/\/blog.liesdoch.de\/wp-content\/uploads\/2017\/04\/44953249z-266x300.jpg\" alt=\"\" width=\"266\" height=\"300\" srcset=\"https:\/\/blog.liesdoch.de\/wp-content\/uploads\/2017\/04\/44953249z-266x300.jpg 266w, https:\/\/blog.liesdoch.de\/wp-content\/uploads\/2017\/04\/44953249z.jpg 421w\" sizes=\"auto, (max-width: 266px) 100vw, 266px\" \/><\/a><\/p>\n<p>&nbsp;<\/p>\n<p>Catharina Westphal, Was macht die K\u00f6nigin von fr\u00fch bis sp\u00e4t, Orell F\u00fcssli 2016, ISBN 978-.3-280-03519-1<\/p>\n<p>&nbsp;<\/p>\n<p>Auf acht Wimmel-Seiten gibt es in diesem kleinen Bilderbuch f\u00fcr Kinder ab etwa zwei Jahren eine Menge zu entdecken. Was macht die K\u00f6nigin eigentlich von fr\u00fch bis sp\u00e4t? Wo fr\u00fchst\u00fcckt sie, und wann geht sie schlafen? Was passiert, wenn sie unterwegs einmal ganz dringend muss? Und was treibt ihr Lieblingshund, wenn er sich langweilt?<\/p>\n<p>&nbsp;<\/p>\n<p>Fragen, die nur ein k\u00f6nigliches Wimmelbuch mit vielen abenteuerlichen Szenen beantworten kann. Und das alles ohne Worte, die die Kinder mit den ihnen vorlesenden Erwachsenen finden m\u00fcssen.<\/p>\n<p>&nbsp;<\/p>\n<p>Es macht Spa\u00df, die immer wieder vorkommenden Personen zu identifizieren, ihnen vielleicht Namen zu geben\u00a0 und eine Geschichte \u00fcber sie zu erfinden.<\/p>\n<p>&nbsp;<\/p>\n<p>&nbsp;<\/p>\n<p>&nbsp;<\/p>\n","protected":false},"excerpt":{"rendered":"<p>&nbsp; &nbsp; &nbsp; Catharina Westphal, Was macht die K\u00f6nigin von fr\u00fch bis sp\u00e4t, Orell F\u00fcssli 2016, ISBN 978-.3-280-03519-1 &nbsp; Auf acht Wimmel-Seiten gibt es in diesem kleinen Bilderbuch f\u00fcr Kinder ab etwa zwei Jahren eine Menge zu entdecken. Was macht die K\u00f6nigin eigentlich von fr\u00fch bis sp\u00e4t? Wo fr\u00fchst\u00fcckt sie, und wann geht sie schlafen? &hellip; <a href=\"https:\/\/blog.liesdoch.de\/?p=4219\" class=\"more-link\"><span class=\"screen-reader-text\">Was macht die K\u00f6nigin von fr\u00fch bis sp\u00e4t?<\/span> weiterlesen <span class=\"meta-nav\">&rarr;<\/span><\/a><\/p>\n","protected":false},"author":6,"featured_media":0,"comment_status":"closed","ping_status":"open","sticky":false,"template":"","format":"standard","meta":{"footnotes":""},"categories":[1],"tags":[],"class_list":["post-4219","post","type-post","status-publish","format-standard","hentry","category-allgemein"],"_links":{"self":[{"href":"https:\/\/blog.liesdoch.de\/index.php?rest_route=\/wp\/v2\/posts\/4219","targetHints":{"allow":["GET"]}}],"collection":[{"href":"https:\/\/blog.liesdoch.de\/index.php?rest_route=\/wp\/v2\/posts"}],"about":[{"href":"https:\/\/blog.liesdoch.de\/index.php?rest_route=\/wp\/v2\/types\/post"}],"author":[{"embeddable":true,"href":"https:\/\/blog.liesdoch.de\/index.php?rest_route=\/wp\/v2\/users\/6"}],"replies":[{"embeddable":true,"href":"https:\/\/blog.liesdoch.de\/index.php?rest_route=%2Fwp%2Fv2%2Fcomments&post=4219"}],"version-history":[{"count":1,"href":"https:\/\/blog.liesdoch.de\/index.php?rest_route=\/wp\/v2\/posts\/4219\/revisions"}],"predecessor-version":[{"id":4221,"href":"https:\/\/blog.liesdoch.de\/index.php?rest_route=\/wp\/v2\/posts\/4219\/revisions\/4221"}],"wp:attachment":[{"href":"https:\/\/blog.liesdoch.de\/index.php?rest_route=%2Fwp%2Fv2%2Fmedia&parent=4219"}],"wp:term":[{"taxonomy":"category","embeddable":true,"href":"https:\/\/blog.liesdoch.de\/index.php?rest_route=%2Fwp%2Fv2%2Fcategories&post=4219"},{"taxonomy":"post_tag","embeddable":true,"href":"https:\/\/blog.liesdoch.de\/index.php?rest_route=%2Fwp%2Fv2%2Ftags&post=4219"}],"curies":[{"name":"wp","href":"https:\/\/api.w.org\/{rel}","templated":true}]}}