{"id":4234,"date":"2017-04-25T13:07:23","date_gmt":"2017-04-25T11:07:23","guid":{"rendered":"http:\/\/blog.liesdoch.de\/?p=4234"},"modified":"2017-04-25T13:07:23","modified_gmt":"2017-04-25T11:07:23","slug":"liebster-papa-brumm","status":"publish","type":"post","link":"https:\/\/blog.liesdoch.de\/?p=4234","title":{"rendered":"Liebster Papa Brumm"},"content":{"rendered":"<p>&nbsp;<\/p>\n<p>&nbsp;<\/p>\n<p>&nbsp;<\/p>\n<p>&nbsp;<\/p>\n<p>&nbsp;<\/p>\n<p><a href=\"http:\/\/blog.liesdoch.de\/wp-content\/uploads\/2017\/04\/46904152z.jpg\"><img loading=\"lazy\" decoding=\"async\" class=\"alignnone size-medium wp-image-4235\" src=\"http:\/\/blog.liesdoch.de\/wp-content\/uploads\/2017\/04\/46904152z-273x300.jpg\" alt=\"\" width=\"273\" height=\"300\" srcset=\"https:\/\/blog.liesdoch.de\/wp-content\/uploads\/2017\/04\/46904152z-273x300.jpg 273w, https:\/\/blog.liesdoch.de\/wp-content\/uploads\/2017\/04\/46904152z.jpg 433w\" sizes=\"auto, (max-width: 273px) 100vw, 273px\" \/><\/a><\/p>\n<p>Mark Sperring, Sebastien Braun, Liebster Papa Brumm, Orell F\u00fcssli 2017, ISBN 978-3-280-03539-9<\/p>\n<p>&nbsp;<\/p>\n<p>Papa Brumm und sein kleiner Sohn Klein-Pip sind ein wunderbares Team. Schon in dem Bilderbuch \u201eWann habe ich endlich Geburtstag?\u201c, das im Fr\u00fchjahr 2015 erschien, und dann 2016 in dem Buch \u201eWann ist endlich Weihnachten?\u201c hatte der englische Bilderbuchautor Mark Sperring die beiden vorgestellt und die unendliche Geduld eines liebevollen Vaters mit seinem kleinen Sohn beschrieben.<\/p>\n<p>&nbsp;<\/p>\n<p>In seinem dritten hier vorliegenden Buch \u00fcber die beiden erz\u00e4hlt Mark Sperring, wie der liebevolle und geduldige Papa Brumm mit seinem Sohn einen Tagesausflug unternimmt, bei dem sie viele lustige Dinge erleben. Sie machen ein Lagerfeuer, fahren mit dem Boot und sind guter Dinge.<\/p>\n<p>Wieder einmal wird dem Kleinen klar: \u201eWie lieb ich dich habe, Papa Brumm!\u201c<\/p>\n<p>Und selbst als das nicht festgebundene Boot auf dem See entschwindet, wei\u00df Papa Brumm einen Rat. Zum kr\u00f6nenden Abschluss eines wundersch\u00f6nen Tages bauen sie gemeinsam ein Flo\u00df und kehren damit zur\u00fcck.<\/p>\n<p>&nbsp;<\/p>\n<p>Ein sch\u00f6nes Bilderbuch, von Sebastien Braun wunderbar illustriert.<\/p>\n<p>&nbsp;<\/p>\n","protected":false},"excerpt":{"rendered":"<p>&nbsp; &nbsp; &nbsp; &nbsp; &nbsp; Mark Sperring, Sebastien Braun, Liebster Papa Brumm, Orell F\u00fcssli 2017, ISBN 978-3-280-03539-9 &nbsp; Papa Brumm und sein kleiner Sohn Klein-Pip sind ein wunderbares Team. Schon in dem Bilderbuch \u201eWann habe ich endlich Geburtstag?\u201c, das im Fr\u00fchjahr 2015 erschien, und dann 2016 in dem Buch \u201eWann ist endlich Weihnachten?\u201c hatte der &hellip; <a href=\"https:\/\/blog.liesdoch.de\/?p=4234\" class=\"more-link\"><span class=\"screen-reader-text\">Liebster Papa Brumm<\/span> weiterlesen <span class=\"meta-nav\">&rarr;<\/span><\/a><\/p>\n","protected":false},"author":6,"featured_media":0,"comment_status":"closed","ping_status":"open","sticky":false,"template":"","format":"standard","meta":{"footnotes":""},"categories":[1],"tags":[],"class_list":["post-4234","post","type-post","status-publish","format-standard","hentry","category-allgemein"],"_links":{"self":[{"href":"https:\/\/blog.liesdoch.de\/index.php?rest_route=\/wp\/v2\/posts\/4234","targetHints":{"allow":["GET"]}}],"collection":[{"href":"https:\/\/blog.liesdoch.de\/index.php?rest_route=\/wp\/v2\/posts"}],"about":[{"href":"https:\/\/blog.liesdoch.de\/index.php?rest_route=\/wp\/v2\/types\/post"}],"author":[{"embeddable":true,"href":"https:\/\/blog.liesdoch.de\/index.php?rest_route=\/wp\/v2\/users\/6"}],"replies":[{"embeddable":true,"href":"https:\/\/blog.liesdoch.de\/index.php?rest_route=%2Fwp%2Fv2%2Fcomments&post=4234"}],"version-history":[{"count":1,"href":"https:\/\/blog.liesdoch.de\/index.php?rest_route=\/wp\/v2\/posts\/4234\/revisions"}],"predecessor-version":[{"id":4236,"href":"https:\/\/blog.liesdoch.de\/index.php?rest_route=\/wp\/v2\/posts\/4234\/revisions\/4236"}],"wp:attachment":[{"href":"https:\/\/blog.liesdoch.de\/index.php?rest_route=%2Fwp%2Fv2%2Fmedia&parent=4234"}],"wp:term":[{"taxonomy":"category","embeddable":true,"href":"https:\/\/blog.liesdoch.de\/index.php?rest_route=%2Fwp%2Fv2%2Fcategories&post=4234"},{"taxonomy":"post_tag","embeddable":true,"href":"https:\/\/blog.liesdoch.de\/index.php?rest_route=%2Fwp%2Fv2%2Ftags&post=4234"}],"curies":[{"name":"wp","href":"https:\/\/api.w.org\/{rel}","templated":true}]}}