{"id":4255,"date":"2017-04-27T12:25:19","date_gmt":"2017-04-27T10:25:19","guid":{"rendered":"http:\/\/blog.liesdoch.de\/?p=4255"},"modified":"2017-05-01T23:04:39","modified_gmt":"2017-05-01T21:04:39","slug":"mein-papa-ist-der-groesste","status":"publish","type":"post","link":"https:\/\/blog.liesdoch.de\/?p=4255","title":{"rendered":"Mein Papa ist der Gr\u00f6\u00dfte"},"content":{"rendered":"<p><a href=\"http:\/\/blog.liesdoch.de\/wp-content\/uploads\/2017\/04\/46433359z.jpg\"><img loading=\"lazy\" decoding=\"async\" class=\"alignnone size-medium wp-image-4256\" src=\"http:\/\/blog.liesdoch.de\/wp-content\/uploads\/2017\/04\/46433359z-300x300.jpg\" alt=\"\" width=\"300\" height=\"300\" srcset=\"https:\/\/blog.liesdoch.de\/wp-content\/uploads\/2017\/04\/46433359z-300x300.jpg 300w, https:\/\/blog.liesdoch.de\/wp-content\/uploads\/2017\/04\/46433359z-150x150.jpg 150w, https:\/\/blog.liesdoch.de\/wp-content\/uploads\/2017\/04\/46433359z.jpg 475w\" sizes=\"auto, (max-width: 300px) 100vw, 300px\" \/><\/a><\/p>\n<p>Stephen Michael King, Mein Papa ist der Gr\u00f6\u00dfte, Esslinger 2017, ISBN 978-3-480-23345-8<\/p>\n<p>Ein witzig und liebevoll illustriertes Bilderbuch aus Australien ist hier anzuzeigen, das\u00a0 Sylvia Tress ins Deutsche \u00fcbertragen hat. Es l\u00e4sst ein Kind erz\u00e4hlen von seinem Vater, ein Vater, den es \u00fcber alles liebt und ihn bewundert. <!--more-->Zun\u00e4chst erscheint es etwas seltsam, dass das Menschenkind seine Eltern als Giraffe (Vater) und als Zebra (Mutter) sich vorstellt. Doch diese Irritation l\u00f6st sich am Ende des Buches auf und wird plausibel.<\/p>\n<p>Das Kind beschreibt seinen Vater als jemand, der es bei allem unterst\u00fctzt, Quatsch mit ihm macht und ganz besondere Dinge beherrscht. Fantasievolle Illustrationen zeigen auf eine witzige Weise die enorme Wertsch\u00e4tzung, die das Kind seinem Vater gegen\u00fcberbringt.<\/p>\n<p>Es wird aber auch deutlich, dass diese Liebe und Bewunderung die Kehrseite jener Liebe ist, die der Vater seinem Kind gegen\u00fcber empfindet.<\/p>\n<p>Ein sch\u00f6nes Bilderbuch \u00fcber das Band zwischen einem Vater und seinem Kind.<\/p>\n<p>&nbsp;<\/p>\n<p>&nbsp;<\/p>\n","protected":false},"excerpt":{"rendered":"<p>Stephen Michael King, Mein Papa ist der Gr\u00f6\u00dfte, Esslinger 2017, ISBN 978-3-480-23345-8 Ein witzig und liebevoll illustriertes Bilderbuch aus Australien ist hier anzuzeigen, das\u00a0 Sylvia Tress ins Deutsche \u00fcbertragen hat. Es l\u00e4sst ein Kind erz\u00e4hlen von seinem Vater, ein Vater, den es \u00fcber alles liebt und ihn bewundert.<\/p>\n","protected":false},"author":6,"featured_media":0,"comment_status":"closed","ping_status":"open","sticky":false,"template":"","format":"standard","meta":{"footnotes":""},"categories":[1],"tags":[],"class_list":["post-4255","post","type-post","status-publish","format-standard","hentry","category-allgemein"],"_links":{"self":[{"href":"https:\/\/blog.liesdoch.de\/index.php?rest_route=\/wp\/v2\/posts\/4255","targetHints":{"allow":["GET"]}}],"collection":[{"href":"https:\/\/blog.liesdoch.de\/index.php?rest_route=\/wp\/v2\/posts"}],"about":[{"href":"https:\/\/blog.liesdoch.de\/index.php?rest_route=\/wp\/v2\/types\/post"}],"author":[{"embeddable":true,"href":"https:\/\/blog.liesdoch.de\/index.php?rest_route=\/wp\/v2\/users\/6"}],"replies":[{"embeddable":true,"href":"https:\/\/blog.liesdoch.de\/index.php?rest_route=%2Fwp%2Fv2%2Fcomments&post=4255"}],"version-history":[{"count":3,"href":"https:\/\/blog.liesdoch.de\/index.php?rest_route=\/wp\/v2\/posts\/4255\/revisions"}],"predecessor-version":[{"id":4260,"href":"https:\/\/blog.liesdoch.de\/index.php?rest_route=\/wp\/v2\/posts\/4255\/revisions\/4260"}],"wp:attachment":[{"href":"https:\/\/blog.liesdoch.de\/index.php?rest_route=%2Fwp%2Fv2%2Fmedia&parent=4255"}],"wp:term":[{"taxonomy":"category","embeddable":true,"href":"https:\/\/blog.liesdoch.de\/index.php?rest_route=%2Fwp%2Fv2%2Fcategories&post=4255"},{"taxonomy":"post_tag","embeddable":true,"href":"https:\/\/blog.liesdoch.de\/index.php?rest_route=%2Fwp%2Fv2%2Ftags&post=4255"}],"curies":[{"name":"wp","href":"https:\/\/api.w.org\/{rel}","templated":true}]}}