{"id":4280,"date":"2017-05-05T08:17:08","date_gmt":"2017-05-05T06:17:08","guid":{"rendered":"http:\/\/blog.liesdoch.de\/?p=4280"},"modified":"2017-05-05T08:17:08","modified_gmt":"2017-05-05T06:17:08","slug":"das-sind-deine-rechte","status":"publish","type":"post","link":"https:\/\/blog.liesdoch.de\/?p=4280","title":{"rendered":"Das sind deine Rechte"},"content":{"rendered":"<p>&nbsp;<\/p>\n<p>&nbsp;<\/p>\n<p>&nbsp;<\/p>\n<p><a href=\"http:\/\/blog.liesdoch.de\/wp-content\/uploads\/2017\/05\/46904245z.jpg\"><img loading=\"lazy\" decoding=\"async\" class=\"alignnone size-medium wp-image-4281\" src=\"http:\/\/blog.liesdoch.de\/wp-content\/uploads\/2017\/05\/46904245z-226x300.jpg\" alt=\"\" width=\"226\" height=\"300\" srcset=\"https:\/\/blog.liesdoch.de\/wp-content\/uploads\/2017\/05\/46904245z-226x300.jpg 226w, https:\/\/blog.liesdoch.de\/wp-content\/uploads\/2017\/05\/46904245z.jpg 316w\" sizes=\"auto, (max-width: 226px) 100vw, 226px\" \/><\/a><\/p>\n<p>&nbsp;<\/p>\n<p>Anke M. Leitzgen, Das sind deine Rechte, Beltz &amp; Gelberg 2017, ISBN 978-3-407-82178-2<\/p>\n<p>&nbsp;<\/p>\n<p>&nbsp;<\/p>\n<p>Schon in ihrem 2012 zusammen mit Lisa Rienermann bei Beltz &amp; Gelberg ver\u00f6ffentlichten Buch \u201eErforsche deine Welt\u201c\u00a0 und in vielen weiteren hat die Autorin Anke M. Leitzgen gezeigt, wie man Kinder bis 14 Jahren f\u00fcr ein\u00a0 Thema begeistert.<\/p>\n<p>&nbsp;<\/p>\n<p>Auch ihr neues Buch, ebenfalls bei Beltz &amp; Gelberg erschienen, richtet sich an Kinder und Jugendliche bis etwa 14 Jahre und kl\u00e4rt sie auf \u00fcber ihre Rechte.<\/p>\n<p>&nbsp;<\/p>\n<p>In insgesamt zehn Kapiteln, in denen\u00a0 sie auch immer wieder Psychologen,\u00a0 Therapeuten\u00a0 und andere Fachleute beratend zu Wort kommen l\u00e4sst, hat sie ihr Buch aufgegliedert:<\/p>\n<ol>\n<li>Du hast die gleichen Rechte wie alle anderen Kinder auch<\/li>\n<li>Du hast das Recht, gesund zu leben<\/li>\n<li>Du hast das Recht, bei deinen Eltern zu leben<\/li>\n<li>Du hast das Recht zu spielen<\/li>\n<li>Du hast das Recht auf Bildung<\/li>\n<li>Du hast das Recht mitzureden<\/li>\n<li>Du hast das Recht auf Privatsph\u00e4re<\/li>\n<li>Du hast das Recht auf Schutz vor Gewalt<\/li>\n<li>Du hast das Recht, auf der Flucht besonders gesch\u00fctzt zu werden<\/li>\n<li>Du hast mit einer Behinderung das Recht auf besondere F\u00fcrsorge<\/li>\n<\/ol>\n<p>&nbsp;<\/p>\n<p>Ein aufgelockertes Design mit vielen Fotos und Zeichnungen, Infok\u00e4sten und Fragebogen l\u00e4dt die Kinder ein, mit dem Buch selbst aktiv zu werden und sich mit dem Thema ausf\u00fchrlich zu befassen.<\/p>\n<p>&nbsp;<\/p>\n<p>Sehr empfehlenswert. Sollte in keiner Schule bzw. Klassenraum fehlen.<\/p>\n<p>&nbsp;<\/p>\n<p>&nbsp;<\/p>\n<p>&nbsp;<\/p>\n<p>&nbsp;<\/p>\n<p>&nbsp;<\/p>\n<p>&nbsp;<\/p>\n","protected":false},"excerpt":{"rendered":"<p>&nbsp; &nbsp; &nbsp; &nbsp; Anke M. Leitzgen, Das sind deine Rechte, Beltz &amp; Gelberg 2017, ISBN 978-3-407-82178-2 &nbsp; &nbsp; Schon in ihrem 2012 zusammen mit Lisa Rienermann bei Beltz &amp; Gelberg ver\u00f6ffentlichten Buch \u201eErforsche deine Welt\u201c\u00a0 und in vielen weiteren hat die Autorin Anke M. Leitzgen gezeigt, wie man Kinder bis 14 Jahren f\u00fcr ein\u00a0 &hellip; <a href=\"https:\/\/blog.liesdoch.de\/?p=4280\" class=\"more-link\"><span class=\"screen-reader-text\">Das sind deine Rechte<\/span> weiterlesen <span class=\"meta-nav\">&rarr;<\/span><\/a><\/p>\n","protected":false},"author":6,"featured_media":0,"comment_status":"closed","ping_status":"open","sticky":false,"template":"","format":"standard","meta":{"footnotes":""},"categories":[1],"tags":[],"class_list":["post-4280","post","type-post","status-publish","format-standard","hentry","category-allgemein"],"_links":{"self":[{"href":"https:\/\/blog.liesdoch.de\/index.php?rest_route=\/wp\/v2\/posts\/4280","targetHints":{"allow":["GET"]}}],"collection":[{"href":"https:\/\/blog.liesdoch.de\/index.php?rest_route=\/wp\/v2\/posts"}],"about":[{"href":"https:\/\/blog.liesdoch.de\/index.php?rest_route=\/wp\/v2\/types\/post"}],"author":[{"embeddable":true,"href":"https:\/\/blog.liesdoch.de\/index.php?rest_route=\/wp\/v2\/users\/6"}],"replies":[{"embeddable":true,"href":"https:\/\/blog.liesdoch.de\/index.php?rest_route=%2Fwp%2Fv2%2Fcomments&post=4280"}],"version-history":[{"count":1,"href":"https:\/\/blog.liesdoch.de\/index.php?rest_route=\/wp\/v2\/posts\/4280\/revisions"}],"predecessor-version":[{"id":4282,"href":"https:\/\/blog.liesdoch.de\/index.php?rest_route=\/wp\/v2\/posts\/4280\/revisions\/4282"}],"wp:attachment":[{"href":"https:\/\/blog.liesdoch.de\/index.php?rest_route=%2Fwp%2Fv2%2Fmedia&parent=4280"}],"wp:term":[{"taxonomy":"category","embeddable":true,"href":"https:\/\/blog.liesdoch.de\/index.php?rest_route=%2Fwp%2Fv2%2Fcategories&post=4280"},{"taxonomy":"post_tag","embeddable":true,"href":"https:\/\/blog.liesdoch.de\/index.php?rest_route=%2Fwp%2Fv2%2Ftags&post=4280"}],"curies":[{"name":"wp","href":"https:\/\/api.w.org\/{rel}","templated":true}]}}