{"id":4288,"date":"2017-05-08T10:52:36","date_gmt":"2017-05-08T08:52:36","guid":{"rendered":"http:\/\/blog.liesdoch.de\/?p=4288"},"modified":"2017-05-08T10:52:36","modified_gmt":"2017-05-08T08:52:36","slug":"sonst-knallts","status":"publish","type":"post","link":"https:\/\/blog.liesdoch.de\/?p=4288","title":{"rendered":"Sonst knallt`s"},"content":{"rendered":"<p>&nbsp;<\/p>\n<p>&nbsp;<\/p>\n<p>&nbsp;<\/p>\n<p><a href=\"http:\/\/blog.liesdoch.de\/wp-content\/uploads\/2017\/05\/46936199z.jpg\"><img loading=\"lazy\" decoding=\"async\" class=\"alignnone size-medium wp-image-4289\" src=\"http:\/\/blog.liesdoch.de\/wp-content\/uploads\/2017\/05\/46936199z-191x300.jpg\" alt=\"\" width=\"191\" height=\"300\" srcset=\"https:\/\/blog.liesdoch.de\/wp-content\/uploads\/2017\/05\/46936199z-191x300.jpg 191w, https:\/\/blog.liesdoch.de\/wp-content\/uploads\/2017\/05\/46936199z.jpg 267w\" sizes=\"auto, (max-width: 191px) 100vw, 191px\" \/><\/a><\/p>\n<p>G\u00f6tz Werner, Matthias Weik, Marc Friedrich, Sonst knallt`s, Eichborn 2017, ISBN 978-3-8479-0634-6<\/p>\n<p>&nbsp;<\/p>\n<p>Ihre beiden ersten B\u00fccher \u201eDer gr\u00f6\u00dfte Raubzug der Geschichte\u201c und \u201eDer Crash ist die L\u00f6sung\u201c und \u201eKapitalfehler\u201c\u00a0 waren Bestseller, die aber trotz hoher Verkaufszahlen in der Kritik und den Wirtschaftsteilen unserer Medien kaum vorkamen.<\/p>\n<p>&nbsp;<\/p>\n<p>Wie bei in den bisherigen B\u00fcchern auch bestechen die Autoren in ihrem neuen Buch \u201eSonst knallt`s\u201c\u00a0 durch einen systematischen Aufbau, durch verst\u00e4ndliche Sprache und \u00fcbersichtliche Gliederung. Und noch einmal m\u00f6chte ich wiederholen: Es w\u00e4re an der Zeit, dass die sich kritisch gebenden Magazine der Fernsehsender solche kritischen B\u00fccher zur Kenntnis nehmen und in ihren Beitr\u00e4gen entsprechend w\u00fcrdigen.<\/p>\n<p>&nbsp;<\/p>\n<p>Vielleicht hilft es, dass sie dieses Mal einen erfolgreichen deutschen Unternehmer mit ins Autorenboot geholt haben. Mit G\u00f6tz W. Werner, dem Gr\u00fcnder der dm-Drogeriemarktkette, haben sie einen Unternehmer gewonnen, der auf Kooperation, selbst\u00e4ndiges Arbeiten und die Entwicklung seiner Angestellten setzt und sich immer wieder mit eigenen Ideen in die Debatten unseres Landes einmischt.<\/p>\n<p>&nbsp;<\/p>\n<p>Mit \u201eSonst knallt`s\u201c analysieren die drei Autoren eine Wirtschaft und Gesellschaft, die aus den Fugen geraten zu sein scheint. Eine Welt, in der eine winzige globale Finanzelite gigantische Blasen illusion\u00e4ren Reichtums produziert und von der Politik daran nicht gehindert wird. Sie verspielen mit ihrem Wirken nicht nur unseren Wohlstand, sondern zunehmend und systematisch auch unsere Demokratie.<\/p>\n<p>&nbsp;<\/p>\n<p>Das kleine Buch, das man schnell und mit staunendem, mehr und mehr auch emp\u00f6rtem Interesse liest, zeigt \u201ewarum wir Wirtschaft und Politik radikal neu denken m\u00fcssen\u201c. Der EU und dem Euro haben sie schon lange den Abschied gegeben. Sie postulieren eine Wirtschaftsform, die nicht mehr die Leistung (Einkommen) eines Menschen der Steuer unterwirft, sondern den Konsum. Sie begr\u00fcnden, warum sie ein bedingungsloses Grundeinkommen, f\u00fcr das sich G\u00f6tz Werner schon lange einsetzt, und die strikte Regulierung der Finanzm\u00e4rkte nicht nur f\u00fcr gerechter halten, sondern auch \u00f6konomisch vern\u00fcnftiger. Und sie sagen, wenn jetzt nicht bald gehandelt wird, dann wird es einen furchtbaren Knall geben.<\/p>\n<p>&nbsp;<\/p>\n<p>Dennoch halte ich das Konzept f\u00fcr unausgegoren und in sich stellenweise widerspr\u00fcchlich. Wenn nur noch der Konsum besteuert werden, soll, wieso pl\u00e4dieren die Autoren f\u00fcr eine Finanztransaktionssteuer zum Beispiel? Auch die Idee des bedingungslosen Grundeinkommens hat mich auch dieses Mal nicht \u00fcberzeugt. Ich halte dieses Konzept f\u00fcr keines, auf das man ein Wirtschaftssystem aufbauen k\u00f6nnte.<\/p>\n<p>&nbsp;<\/p>\n<p>Vielleicht h\u00e4tten die drei Autoren sich dem Erfolgsdruck, nun schnell wieder ein Buch auf den Markt zu werfen, nicht beugen sollen. Dann w\u00e4re das Buch vielleicht etwas umfangreicher geworden, sie h\u00e4tten aber auch einmal an Beispielrechnungen erkl\u00e4rt, wie jemand mit 1000 Euro Grundeinkommen und sehr hoher (50% und mehr) Mehrwertsteuer sein Leben fristen soll. Vielleicht als billige Arbeitskraft in einem dm-Markt?<\/p>\n<p>&nbsp;<\/p>\n<p>&nbsp;<\/p>\n<p>&nbsp;<\/p>\n<p>&nbsp;<\/p>\n","protected":false},"excerpt":{"rendered":"<p>&nbsp; &nbsp; &nbsp; G\u00f6tz Werner, Matthias Weik, Marc Friedrich, Sonst knallt`s, Eichborn 2017, ISBN 978-3-8479-0634-6 &nbsp; Ihre beiden ersten B\u00fccher \u201eDer gr\u00f6\u00dfte Raubzug der Geschichte\u201c und \u201eDer Crash ist die L\u00f6sung\u201c und \u201eKapitalfehler\u201c\u00a0 waren Bestseller, die aber trotz hoher Verkaufszahlen in der Kritik und den Wirtschaftsteilen unserer Medien kaum vorkamen. &nbsp; Wie bei in den &hellip; <a href=\"https:\/\/blog.liesdoch.de\/?p=4288\" class=\"more-link\"><span class=\"screen-reader-text\">Sonst knallt`s<\/span> weiterlesen <span class=\"meta-nav\">&rarr;<\/span><\/a><\/p>\n","protected":false},"author":6,"featured_media":0,"comment_status":"closed","ping_status":"open","sticky":false,"template":"","format":"standard","meta":{"footnotes":""},"categories":[1],"tags":[],"class_list":["post-4288","post","type-post","status-publish","format-standard","hentry","category-allgemein"],"_links":{"self":[{"href":"https:\/\/blog.liesdoch.de\/index.php?rest_route=\/wp\/v2\/posts\/4288","targetHints":{"allow":["GET"]}}],"collection":[{"href":"https:\/\/blog.liesdoch.de\/index.php?rest_route=\/wp\/v2\/posts"}],"about":[{"href":"https:\/\/blog.liesdoch.de\/index.php?rest_route=\/wp\/v2\/types\/post"}],"author":[{"embeddable":true,"href":"https:\/\/blog.liesdoch.de\/index.php?rest_route=\/wp\/v2\/users\/6"}],"replies":[{"embeddable":true,"href":"https:\/\/blog.liesdoch.de\/index.php?rest_route=%2Fwp%2Fv2%2Fcomments&post=4288"}],"version-history":[{"count":1,"href":"https:\/\/blog.liesdoch.de\/index.php?rest_route=\/wp\/v2\/posts\/4288\/revisions"}],"predecessor-version":[{"id":4290,"href":"https:\/\/blog.liesdoch.de\/index.php?rest_route=\/wp\/v2\/posts\/4288\/revisions\/4290"}],"wp:attachment":[{"href":"https:\/\/blog.liesdoch.de\/index.php?rest_route=%2Fwp%2Fv2%2Fmedia&parent=4288"}],"wp:term":[{"taxonomy":"category","embeddable":true,"href":"https:\/\/blog.liesdoch.de\/index.php?rest_route=%2Fwp%2Fv2%2Fcategories&post=4288"},{"taxonomy":"post_tag","embeddable":true,"href":"https:\/\/blog.liesdoch.de\/index.php?rest_route=%2Fwp%2Fv2%2Ftags&post=4288"}],"curies":[{"name":"wp","href":"https:\/\/api.w.org\/{rel}","templated":true}]}}