{"id":4291,"date":"2017-05-08T10:53:12","date_gmt":"2017-05-08T08:53:12","guid":{"rendered":"http:\/\/blog.liesdoch.de\/?p=4291"},"modified":"2017-05-08T10:53:12","modified_gmt":"2017-05-08T08:53:12","slug":"der-letzte-ueberlebende","status":"publish","type":"post","link":"https:\/\/blog.liesdoch.de\/?p=4291","title":{"rendered":"Der letzte \u00dcberlebende"},"content":{"rendered":"<p>&nbsp;<\/p>\n<p>&nbsp;<\/p>\n<p>&nbsp;<\/p>\n<p><a href=\"http:\/\/blog.liesdoch.de\/wp-content\/uploads\/2017\/05\/46922287z.jpg\"><img loading=\"lazy\" decoding=\"async\" class=\"alignnone size-medium wp-image-4292\" src=\"http:\/\/blog.liesdoch.de\/wp-content\/uploads\/2017\/05\/46922287z-200x300.jpg\" alt=\"\" width=\"200\" height=\"300\" srcset=\"https:\/\/blog.liesdoch.de\/wp-content\/uploads\/2017\/05\/46922287z-200x300.jpg 200w, https:\/\/blog.liesdoch.de\/wp-content\/uploads\/2017\/05\/46922287z.jpg 280w\" sizes=\"auto, (max-width: 200px) 100vw, 200px\" \/><\/a><\/p>\n<p>Sam Pivnik, Der letzte \u00dcberlebende, Theiss Verlag 2017, ISBN 978-3-8062-3478-7<\/p>\n<p>&nbsp;<\/p>\n<p>&#8222;Der letzte \u00dcberlebende&#8220; ist eine wahre Geschichte. Es sind die Aufzeichnungen des Sam Pivnik, der Ausschwitz als einziger aus seiner Familie \u00fcberlebt hat und heute in einem Seniorenheim in London lebt.<\/p>\n<p>&nbsp;<\/p>\n<p>Mehrfach ist er nach seiner Deportation nach Auschwitz und nach seiner Befreiung dort dem Tod entkommen, zuletzt bei der Bombardierung der &#8222;Cap Arkona&#8220;. Was bewegt einen Menschen, der am Ende seines Lebens steht, all das Grauen, das er durch die Judenverfolgung, dem Lager in Ausschwitz und auch nach der Befreiung des Lagers erlebt hat, weiterzugeben? \u00dcber eine Zeit zu sprechen, die er sein Leben lang nicht vergessen kann. \u00a0Er hat mit diesem bewegenden Buch, das im Rezensenten die Erinnerung an die B\u00fccher von Primo Levi wachrief, die er vor Jahrzehnten las, seiner Nachwelt ein Dokument hinterlassen, das helfen soll, dass das Grauen und die H\u00f6lle des Holocaust niemals in Vergessenheit geraten.<\/p>\n<p>&nbsp;<\/p>\n<p>Die Lekt\u00fcre ist \u00e4hnlich wie bei Primo Levi ein hartes St\u00fcck emotionaler Arbeit, aber auch intellektuell sieht man sich mit der immensen Herausforderung konfrontiert, dass all das Geschehene nicht wirklich verstanden werden kann. Es ist so weit au\u00dferhalb dessen, was wir f\u00fcr unser Menschsein f\u00fcr konstitutiv halten, dass man schier den Verstand verlieren kann.<\/p>\n<p>&nbsp;<\/p>\n<p>Nie wieder \u2013 das ist der Ruf aller Antifaschisten seit dem Zweiten Weltkrieg \u2013 und dennoch ist der Scho\u00df, aus dem all dieses Grauen einst kroch, heute so fruchtbar wie nie zuvor seit dieser Zeit.<\/p>\n<p>M\u00f6ge dieses Buch f\u00fcr die Leser der Generation, die mit Primo Levis B\u00fccher nichts mehr anfangen k\u00f6nnen, sie auch gar nicht kennen, eine Geschichtsstunde sein, die sie nie vergessen werden.<\/p>\n<p>&nbsp;<\/p>\n<p>&nbsp;<\/p>\n","protected":false},"excerpt":{"rendered":"<p>&nbsp; &nbsp; &nbsp; Sam Pivnik, Der letzte \u00dcberlebende, Theiss Verlag 2017, ISBN 978-3-8062-3478-7 &nbsp; &#8222;Der letzte \u00dcberlebende&#8220; ist eine wahre Geschichte. Es sind die Aufzeichnungen des Sam Pivnik, der Ausschwitz als einziger aus seiner Familie \u00fcberlebt hat und heute in einem Seniorenheim in London lebt. &nbsp; Mehrfach ist er nach seiner Deportation nach Auschwitz und &hellip; <a href=\"https:\/\/blog.liesdoch.de\/?p=4291\" class=\"more-link\"><span class=\"screen-reader-text\">Der letzte \u00dcberlebende<\/span> weiterlesen <span class=\"meta-nav\">&rarr;<\/span><\/a><\/p>\n","protected":false},"author":6,"featured_media":0,"comment_status":"closed","ping_status":"open","sticky":false,"template":"","format":"standard","meta":{"footnotes":""},"categories":[1],"tags":[],"class_list":["post-4291","post","type-post","status-publish","format-standard","hentry","category-allgemein"],"_links":{"self":[{"href":"https:\/\/blog.liesdoch.de\/index.php?rest_route=\/wp\/v2\/posts\/4291","targetHints":{"allow":["GET"]}}],"collection":[{"href":"https:\/\/blog.liesdoch.de\/index.php?rest_route=\/wp\/v2\/posts"}],"about":[{"href":"https:\/\/blog.liesdoch.de\/index.php?rest_route=\/wp\/v2\/types\/post"}],"author":[{"embeddable":true,"href":"https:\/\/blog.liesdoch.de\/index.php?rest_route=\/wp\/v2\/users\/6"}],"replies":[{"embeddable":true,"href":"https:\/\/blog.liesdoch.de\/index.php?rest_route=%2Fwp%2Fv2%2Fcomments&post=4291"}],"version-history":[{"count":1,"href":"https:\/\/blog.liesdoch.de\/index.php?rest_route=\/wp\/v2\/posts\/4291\/revisions"}],"predecessor-version":[{"id":4293,"href":"https:\/\/blog.liesdoch.de\/index.php?rest_route=\/wp\/v2\/posts\/4291\/revisions\/4293"}],"wp:attachment":[{"href":"https:\/\/blog.liesdoch.de\/index.php?rest_route=%2Fwp%2Fv2%2Fmedia&parent=4291"}],"wp:term":[{"taxonomy":"category","embeddable":true,"href":"https:\/\/blog.liesdoch.de\/index.php?rest_route=%2Fwp%2Fv2%2Fcategories&post=4291"},{"taxonomy":"post_tag","embeddable":true,"href":"https:\/\/blog.liesdoch.de\/index.php?rest_route=%2Fwp%2Fv2%2Ftags&post=4291"}],"curies":[{"name":"wp","href":"https:\/\/api.w.org\/{rel}","templated":true}]}}