{"id":4294,"date":"2017-05-08T10:53:50","date_gmt":"2017-05-08T08:53:50","guid":{"rendered":"http:\/\/blog.liesdoch.de\/?p=4294"},"modified":"2017-05-08T10:53:50","modified_gmt":"2017-05-08T08:53:50","slug":"europa-in-der-krise","status":"publish","type":"post","link":"https:\/\/blog.liesdoch.de\/?p=4294","title":{"rendered":"Europa in der Krise"},"content":{"rendered":"<p>&nbsp;<\/p>\n<p>&nbsp;<\/p>\n<p>&nbsp;<\/p>\n<p>&nbsp;<\/p>\n<p><a href=\"http:\/\/blog.liesdoch.de\/wp-content\/uploads\/2017\/05\/47004197z.jpg\"><img loading=\"lazy\" decoding=\"async\" class=\"alignnone size-medium wp-image-4295\" src=\"http:\/\/blog.liesdoch.de\/wp-content\/uploads\/2017\/05\/47004197z-215x300.jpg\" alt=\"\" width=\"215\" height=\"300\" srcset=\"https:\/\/blog.liesdoch.de\/wp-content\/uploads\/2017\/05\/47004197z-215x300.jpg 215w, https:\/\/blog.liesdoch.de\/wp-content\/uploads\/2017\/05\/47004197z.jpg 301w\" sizes=\"auto, (max-width: 215px) 100vw, 215px\" \/><\/a><\/p>\n<p>Bodo Hombach, Edmund Stoiber (Hg.) Europa in der Krise. Vom Traum zum Feindbild, Tectum Verlag 2017, ISBN 978-3-8288-3854-3<\/p>\n<p>&nbsp;<\/p>\n<p>Als die beiden Herausgeber dieses Buches, beides erfahrene Politiker und Publizisten, ihre Ver\u00f6ffentlichung planten und um Beitr\u00e4ge deutscher Politiker und Journalisten baten, da war die Entscheidung der Briten, die EU zu verlassen noch nicht gefallen und es war auch noch lange nicht klar, dass es in Frankreich im ersten Wahlgang zur Pr\u00e4sidentschaft ein so enges Rennen geben w\u00fcrde.<\/p>\n<p>&nbsp;<\/p>\n<p>Nun, nachdem die Briten drau\u00dfen sind, und Macron als \u00fcberzeugter aber kritischer Europ\u00e4er es gestern geschafft hat, kann man die Beitr\u00e4ge dieses Buches noch einmal genauer lesen und ihre dringenden Warnungen und Empfehlungen zu nachhaltigen Reformen der politischen Union ernst nehmen.<\/p>\n<p>&nbsp;<\/p>\n<p>Denn die heftigen Vorgepl\u00e4nkel vor den Austrittsverhandlungen und die weitreichenden Vorschl\u00e4ge, mit denen Macron die EU ver\u00e4ndern will, zeigen, dass die Idee eines gemeinsamen Europa l\u00e4ngst nicht mehr von allen, insbesondere den neuen im Bunde geteilt wird.<\/p>\n<p>&nbsp;<\/p>\n<p>Es gibt auch ohne Brexit und Le Pen heftige Disruptionen unter den verblieben 27 Staaten und mir pers\u00f6nlich scheint es schon l\u00e4ngere Zeit fraglich, ob es gelingen wird, die zu managen. Joschka Fischer wies schon 2014, lange vor der Fl\u00fcchtlingskrise, in seinem Buch \u201cScheitert Europa?\u201c auf die Schwierigkeiten hin.<\/p>\n<p>&nbsp;<\/p>\n<p>Die Lehre, die er als ehemaliger Au\u00dfenpolitiker und Verfechter der europ\u00e4ischen Idee aus seinen \u00dcberlegungen zog war klar und \u00fcberzeugend:<\/p>\n<p>Der Weg zu dem Ziel der Vereinigten Staaten von Europa muss konsequent weitergegangen werden, wobei ein ganz besonderer Wert gelegt werden muss, auf die Herausbildung einer europ\u00e4ischen Demokratie. Deutschland und Frankreich machte er dabei als entscheidende Faktoren daf\u00fcr aus, ob dieser Prozess gelingt.<\/p>\n<p>&nbsp;<\/p>\n<p>Doch war damals schon skeptisch und schrieb:<\/p>\n<p>&nbsp;<\/p>\n<p>\u201eIch muss gestehen, dass ich bei aller W\u00fcrdigung des Buches, sehr skeptisch bin, ob dieser Prozess gelungen kann. Zu schnell, zu un\u00fcberlegt ist die EU in den letzten zehn Jahren durch L\u00e4nder erweitert worden, die weder \u00f6konomisch noch rechtsstaatlich in diesen Kreis passten. Zu eigenn\u00fctzig und nationalistisch agieren viele L\u00e4ndern, als dass man sich ernsthaft vorstellen k\u00f6nnte, sie w\u00e4ren bereit, noch mehr nationalstaatliche Kompetenzen an eine zentrale europ\u00e4ische Regierung abzugeben. Die vielen eurokritischen\u00a0 und -feindlichen Parteien in den meisten Mitgliedsstaaten kommen ja nicht von ungef\u00e4hr. Sie dr\u00fccken eine Stimmung in der Bev\u00f6lkerung aus, die f\u00fcr die Zukunft Europas in Fischers Sinne wenig Gutes erwarten l\u00e4sst.<\/p>\n<p>&nbsp;<\/p>\n<p>Alles, was in der Zwischenzeit passiert, best\u00e4rkt mich in dieser Skepsis. Dennoch stimme ich den meisten Autoren des vorliegenden Buches zu, dass man unbedingt daf\u00fcr k\u00e4mpfen muss, Europa zusammenzuhalten.<\/p>\n","protected":false},"excerpt":{"rendered":"<p>&nbsp; &nbsp; &nbsp; &nbsp; Bodo Hombach, Edmund Stoiber (Hg.) Europa in der Krise. Vom Traum zum Feindbild, Tectum Verlag 2017, ISBN 978-3-8288-3854-3 &nbsp; Als die beiden Herausgeber dieses Buches, beides erfahrene Politiker und Publizisten, ihre Ver\u00f6ffentlichung planten und um Beitr\u00e4ge deutscher Politiker und Journalisten baten, da war die Entscheidung der Briten, die EU zu verlassen &hellip; <a href=\"https:\/\/blog.liesdoch.de\/?p=4294\" class=\"more-link\"><span class=\"screen-reader-text\">Europa in der Krise<\/span> weiterlesen <span class=\"meta-nav\">&rarr;<\/span><\/a><\/p>\n","protected":false},"author":6,"featured_media":0,"comment_status":"closed","ping_status":"open","sticky":false,"template":"","format":"standard","meta":{"footnotes":""},"categories":[1],"tags":[],"class_list":["post-4294","post","type-post","status-publish","format-standard","hentry","category-allgemein"],"_links":{"self":[{"href":"https:\/\/blog.liesdoch.de\/index.php?rest_route=\/wp\/v2\/posts\/4294","targetHints":{"allow":["GET"]}}],"collection":[{"href":"https:\/\/blog.liesdoch.de\/index.php?rest_route=\/wp\/v2\/posts"}],"about":[{"href":"https:\/\/blog.liesdoch.de\/index.php?rest_route=\/wp\/v2\/types\/post"}],"author":[{"embeddable":true,"href":"https:\/\/blog.liesdoch.de\/index.php?rest_route=\/wp\/v2\/users\/6"}],"replies":[{"embeddable":true,"href":"https:\/\/blog.liesdoch.de\/index.php?rest_route=%2Fwp%2Fv2%2Fcomments&post=4294"}],"version-history":[{"count":1,"href":"https:\/\/blog.liesdoch.de\/index.php?rest_route=\/wp\/v2\/posts\/4294\/revisions"}],"predecessor-version":[{"id":4296,"href":"https:\/\/blog.liesdoch.de\/index.php?rest_route=\/wp\/v2\/posts\/4294\/revisions\/4296"}],"wp:attachment":[{"href":"https:\/\/blog.liesdoch.de\/index.php?rest_route=%2Fwp%2Fv2%2Fmedia&parent=4294"}],"wp:term":[{"taxonomy":"category","embeddable":true,"href":"https:\/\/blog.liesdoch.de\/index.php?rest_route=%2Fwp%2Fv2%2Fcategories&post=4294"},{"taxonomy":"post_tag","embeddable":true,"href":"https:\/\/blog.liesdoch.de\/index.php?rest_route=%2Fwp%2Fv2%2Ftags&post=4294"}],"curies":[{"name":"wp","href":"https:\/\/api.w.org\/{rel}","templated":true}]}}