{"id":4302,"date":"2017-05-10T09:22:45","date_gmt":"2017-05-10T07:22:45","guid":{"rendered":"http:\/\/blog.liesdoch.de\/?p=4302"},"modified":"2017-05-10T09:22:45","modified_gmt":"2017-05-10T07:22:45","slug":"der-neue-iran","status":"publish","type":"post","link":"https:\/\/blog.liesdoch.de\/?p=4302","title":{"rendered":"Der neue Iran"},"content":{"rendered":"<p>&nbsp;<\/p>\n<p>&nbsp;<\/p>\n<p><a href=\"http:\/\/blog.liesdoch.de\/wp-content\/uploads\/2017\/05\/46971142z.jpg\"><img loading=\"lazy\" decoding=\"async\" class=\"alignnone size-medium wp-image-4303\" src=\"http:\/\/blog.liesdoch.de\/wp-content\/uploads\/2017\/05\/46971142z-191x300.jpg\" alt=\"\" width=\"191\" height=\"300\" srcset=\"https:\/\/blog.liesdoch.de\/wp-content\/uploads\/2017\/05\/46971142z-191x300.jpg 191w, https:\/\/blog.liesdoch.de\/wp-content\/uploads\/2017\/05\/46971142z.jpg 268w\" sizes=\"auto, (max-width: 191px) 100vw, 191px\" \/><\/a><\/p>\n<p>&nbsp;<\/p>\n<p>Charlotte Wiedemann, Der neue Iran, DTV 2017, ISBN 978-2-423-28124-9<\/p>\n<p>&nbsp;<\/p>\n<p>Der Iran ist seit der islamischen Revolution 1979 f\u00fcr den Westen zunehmend unzug\u00e4nglich gewesen. Nicht nur durch die erfolgreichen Verhandlungen \u00fcber seine Atompolitik ist es dem Westen gelungen, diesen f\u00fcr die Situation im Nahen Osten und damit f\u00fcr den gesamten Weltfrieden so wichtigen Player wieder neu einzubinden und ihn von einen eher ge\u00e4chteten \u201eSchurkenstaat\u201c zu einem begehrten Partner zu machen.<\/p>\n<p>Die Journalistin Charlotte Wiedemann, die sich gut in islamische Lebenswelten auskennt, hat in\u00a0 der letzte Zeit den Iran oft bereist und legt mit ihrem neuen Buch einen lesenswerten und lehrreichen \u00dcberblick eines Landes vor, das so oder so im Nahen Osten eine zunehmend tragende Rolle spielt und noch spielen wird.<\/p>\n<p>&nbsp;<\/p>\n<p>Zun\u00e4chst zeichnet sie eine Entwicklung nach, in der der Iran vom strategischen Partner vor allem der USA in den sechziger und siebziger Jahren des letzten Jahrhunderts nach 1979 zu einem erbitterten Feind wurde und jeglicher Handel erstarb, wobei sich der Iran vollst\u00e4ndig abschottete.<\/p>\n<p>In den letzten 15 Jahren hat vor allem der Atom-Streit die Beziehungen zwischen dem Westen und Iran belastet. Zeitweise wurden die sogar ganz ausgesetzt. Die gegen den Staat verh\u00e4ngten Sanktionen schw\u00e4chten die Wirtschaft und hatten vor allem Auswirkungen auf die Bev\u00f6lkerung.<\/p>\n<p>&nbsp;<\/p>\n<p>Nach der nach jahrelangen Verhandlungen erzielten Einigung im Atomstreit ist nun ein neues Kapitel angebrochen: eines, das die Frage aufwirft, welche Rolle der Staat im Nahen Osten einnehmen wird, heute und vor allem morgen.<\/p>\n<p>&nbsp;<\/p>\n<p>Charlotte Wiedemann zeigt gut verst\u00e4ndlich und nachvollziehbar m\u00f6gliche Wege auf, auch wenn sie sich zu keiner genauen Vorhersage in der Lage sieht, wie sich vor allem innenpolitisch der Iran in den n\u00e4chsten Jahren entwickeln wird.<\/p>\n","protected":false},"excerpt":{"rendered":"<p>&nbsp; &nbsp; &nbsp; Charlotte Wiedemann, Der neue Iran, DTV 2017, ISBN 978-2-423-28124-9 &nbsp; Der Iran ist seit der islamischen Revolution 1979 f\u00fcr den Westen zunehmend unzug\u00e4nglich gewesen. Nicht nur durch die erfolgreichen Verhandlungen \u00fcber seine Atompolitik ist es dem Westen gelungen, diesen f\u00fcr die Situation im Nahen Osten und damit f\u00fcr den gesamten Weltfrieden so &hellip; <a href=\"https:\/\/blog.liesdoch.de\/?p=4302\" class=\"more-link\"><span class=\"screen-reader-text\">Der neue Iran<\/span> weiterlesen <span class=\"meta-nav\">&rarr;<\/span><\/a><\/p>\n","protected":false},"author":6,"featured_media":0,"comment_status":"closed","ping_status":"open","sticky":false,"template":"","format":"standard","meta":{"footnotes":""},"categories":[1],"tags":[],"class_list":["post-4302","post","type-post","status-publish","format-standard","hentry","category-allgemein"],"_links":{"self":[{"href":"https:\/\/blog.liesdoch.de\/index.php?rest_route=\/wp\/v2\/posts\/4302","targetHints":{"allow":["GET"]}}],"collection":[{"href":"https:\/\/blog.liesdoch.de\/index.php?rest_route=\/wp\/v2\/posts"}],"about":[{"href":"https:\/\/blog.liesdoch.de\/index.php?rest_route=\/wp\/v2\/types\/post"}],"author":[{"embeddable":true,"href":"https:\/\/blog.liesdoch.de\/index.php?rest_route=\/wp\/v2\/users\/6"}],"replies":[{"embeddable":true,"href":"https:\/\/blog.liesdoch.de\/index.php?rest_route=%2Fwp%2Fv2%2Fcomments&post=4302"}],"version-history":[{"count":1,"href":"https:\/\/blog.liesdoch.de\/index.php?rest_route=\/wp\/v2\/posts\/4302\/revisions"}],"predecessor-version":[{"id":4304,"href":"https:\/\/blog.liesdoch.de\/index.php?rest_route=\/wp\/v2\/posts\/4302\/revisions\/4304"}],"wp:attachment":[{"href":"https:\/\/blog.liesdoch.de\/index.php?rest_route=%2Fwp%2Fv2%2Fmedia&parent=4302"}],"wp:term":[{"taxonomy":"category","embeddable":true,"href":"https:\/\/blog.liesdoch.de\/index.php?rest_route=%2Fwp%2Fv2%2Fcategories&post=4302"},{"taxonomy":"post_tag","embeddable":true,"href":"https:\/\/blog.liesdoch.de\/index.php?rest_route=%2Fwp%2Fv2%2Ftags&post=4302"}],"curies":[{"name":"wp","href":"https:\/\/api.w.org\/{rel}","templated":true}]}}