{"id":4348,"date":"2017-05-24T12:38:22","date_gmt":"2017-05-24T10:38:22","guid":{"rendered":"http:\/\/blog.liesdoch.de\/?p=4348"},"modified":"2017-05-24T12:38:22","modified_gmt":"2017-05-24T10:38:22","slug":"vielleicht","status":"publish","type":"post","link":"https:\/\/blog.liesdoch.de\/?p=4348","title":{"rendered":"Vielleicht"},"content":{"rendered":"<p>&nbsp;<\/p>\n<p>&nbsp;<\/p>\n<p>&nbsp;<\/p>\n<p><a href=\"http:\/\/blog.liesdoch.de\/wp-content\/uploads\/2017\/05\/47204747z.jpg\"><img loading=\"lazy\" decoding=\"async\" class=\"alignnone size-medium wp-image-4349\" src=\"http:\/\/blog.liesdoch.de\/wp-content\/uploads\/2017\/05\/47204747z-300x243.jpg\" alt=\"\" width=\"300\" height=\"243\" srcset=\"https:\/\/blog.liesdoch.de\/wp-content\/uploads\/2017\/05\/47204747z-300x243.jpg 300w, https:\/\/blog.liesdoch.de\/wp-content\/uploads\/2017\/05\/47204747z.jpg 475w\" sizes=\"auto, (max-width: 300px) 100vw, 300px\" \/><\/a><\/p>\n<p>&nbsp;<\/p>\n<p>Guido van Genechten, Vielleicht, Mixtvision 2016, ISBN 978-3-95854-071-2<\/p>\n<p>&nbsp;<\/p>\n<p>Der bekannte belgische Kinderbuchautor Guido van Genechten hat sich mit diesem Bilderbuch f\u00fcr den Mixtvision Verlag auf eine f\u00fcr Kinder absolut nachvollziehbare Weise eines gro\u00dfen Themas angenommen. Es geht um nichts weniger als um die Entstehung von allem was ist, und um den immer wiederkehrenden Kreislauf des Universums und Lebens von Werden und Vergehen.<\/p>\n<p>\u201eWie hat alles begonnen?<\/p>\n<p>Mit Nichts?<\/p>\n<p>Mit Formen und Farben?<\/p>\n<p>Vielleicht.\u201c<\/p>\n<p>&nbsp;<\/p>\n<p>Aus den verschiedenen Farben und Formen bildet\u00a0 er alle Dinge, Pflanzen, Tiere und Menschen und Sachen wie Autos, H\u00e4user. \u201eJa, vielleicht ist alles aus diesem kleinen Teilen gemacht\u201c (was ja auch stimmt).<\/p>\n<p>&nbsp;<\/p>\n<p>Und irgendwann fallen sie in ihren Ursprung zur\u00fcck. Und es geht wieder von vorne los. Immer aufs Neue.<\/p>\n<p>&nbsp;<\/p>\n<p>Eine unterhaltsame und anspruchsvolle Geschichte \u00fcber nichts und alles und wie es gewesen sein k\u00f6nnte.<\/p>\n<p>&nbsp;<\/p>\n<p>&nbsp;<\/p>\n","protected":false},"excerpt":{"rendered":"<p>&nbsp; &nbsp; &nbsp; &nbsp; Guido van Genechten, Vielleicht, Mixtvision 2016, ISBN 978-3-95854-071-2 &nbsp; Der bekannte belgische Kinderbuchautor Guido van Genechten hat sich mit diesem Bilderbuch f\u00fcr den Mixtvision Verlag auf eine f\u00fcr Kinder absolut nachvollziehbare Weise eines gro\u00dfen Themas angenommen. Es geht um nichts weniger als um die Entstehung von allem was ist, und um &hellip; <a href=\"https:\/\/blog.liesdoch.de\/?p=4348\" class=\"more-link\"><span class=\"screen-reader-text\">Vielleicht<\/span> weiterlesen <span class=\"meta-nav\">&rarr;<\/span><\/a><\/p>\n","protected":false},"author":6,"featured_media":0,"comment_status":"closed","ping_status":"open","sticky":false,"template":"","format":"standard","meta":{"footnotes":""},"categories":[1],"tags":[],"class_list":["post-4348","post","type-post","status-publish","format-standard","hentry","category-allgemein"],"_links":{"self":[{"href":"https:\/\/blog.liesdoch.de\/index.php?rest_route=\/wp\/v2\/posts\/4348","targetHints":{"allow":["GET"]}}],"collection":[{"href":"https:\/\/blog.liesdoch.de\/index.php?rest_route=\/wp\/v2\/posts"}],"about":[{"href":"https:\/\/blog.liesdoch.de\/index.php?rest_route=\/wp\/v2\/types\/post"}],"author":[{"embeddable":true,"href":"https:\/\/blog.liesdoch.de\/index.php?rest_route=\/wp\/v2\/users\/6"}],"replies":[{"embeddable":true,"href":"https:\/\/blog.liesdoch.de\/index.php?rest_route=%2Fwp%2Fv2%2Fcomments&post=4348"}],"version-history":[{"count":1,"href":"https:\/\/blog.liesdoch.de\/index.php?rest_route=\/wp\/v2\/posts\/4348\/revisions"}],"predecessor-version":[{"id":4350,"href":"https:\/\/blog.liesdoch.de\/index.php?rest_route=\/wp\/v2\/posts\/4348\/revisions\/4350"}],"wp:attachment":[{"href":"https:\/\/blog.liesdoch.de\/index.php?rest_route=%2Fwp%2Fv2%2Fmedia&parent=4348"}],"wp:term":[{"taxonomy":"category","embeddable":true,"href":"https:\/\/blog.liesdoch.de\/index.php?rest_route=%2Fwp%2Fv2%2Fcategories&post=4348"},{"taxonomy":"post_tag","embeddable":true,"href":"https:\/\/blog.liesdoch.de\/index.php?rest_route=%2Fwp%2Fv2%2Ftags&post=4348"}],"curies":[{"name":"wp","href":"https:\/\/api.w.org\/{rel}","templated":true}]}}