{"id":4354,"date":"2017-05-24T12:39:46","date_gmt":"2017-05-24T10:39:46","guid":{"rendered":"http:\/\/blog.liesdoch.de\/?p=4354"},"modified":"2017-05-24T12:39:46","modified_gmt":"2017-05-24T10:39:46","slug":"ich-lebe-mit-meiner-trauer","status":"publish","type":"post","link":"https:\/\/blog.liesdoch.de\/?p=4354","title":{"rendered":"Ich lebe mit meiner Trauer"},"content":{"rendered":"<p>&nbsp;<\/p>\n<p>&nbsp;<\/p>\n<p>&nbsp;<\/p>\n<p>&nbsp;<\/p>\n<p>&nbsp;<\/p>\n<p>Chris Paul, Ich lebe mit meiner Trauer, G\u00fctersloher Verlagshaus 2017, ISBN 978-3-579-07308-8<\/p>\n<p>&nbsp;<\/p>\n<p>Ein ganz besonderes Buch hat die Psychotherapeutin und Trauerbegleiterin Chris Paul\u00a0 hier vorgelegt. Sie hat ein Modell entwickelt, mit dem sie den Trauerprozess vom Eintritt des Todes bis in die Zeit Jahre nach dem Tod erkl\u00e4ren.<\/p>\n<p>Sie nennt es \u201edas Kaleidoskop des Trauerns\u201c und definiert darin sechs Elemente, die von Anfang an immer gleich pr\u00e4sent sind:<\/p>\n<ul>\n<li>\u00dcberleben<\/li>\n<li>Wirklichkeit<\/li>\n<li>Gef\u00fchle<\/li>\n<li>Sich anpassen<\/li>\n<li>Verbunden bleiben<\/li>\n<li>Einordnen<\/li>\n<\/ul>\n<p>&nbsp;<\/p>\n<p>Nachdem sie zu Beginn des Buches diese Elemente kurz erl\u00e4utert, erkl\u00e4r sie ihre Bedeutung und ihr Wirken in jeder der folgenden Phasen des Trauerns:<\/p>\n<ul>\n<li>Die ersten Stunden. Der Trauerweg beginnt<\/li>\n<li>Die ersten Wochen. Eine besondere Zeit<\/li>\n<li>Das erste Trauerjahr. Der Trauermarathon hat begonnen<\/li>\n<li>Der erste Todestag<\/li>\n<li>Die weiteren Trauerjahre. Trauerwege und Trauerentwicklungen<\/li>\n<\/ul>\n<p>&nbsp;<\/p>\n<p>Mit ihrem Modell des Kaleidoskops bietet Chris Paul Trauernden in den unterschiedlichen Phasen ein lebensnahes, leicht verst\u00e4ndliches Bild, in dem sie sich wiedererkennen und durch das sie Kraft und Hoffnung f\u00fcr ihr eigenes Leben sch\u00f6pfen k\u00f6nnen.<\/p>\n<p>&nbsp;<\/p>\n<p>Ein hilfreiches Buch, das durch seine Systematik und durch die immer wiederkehrenden Elemente wirken kann wie eine St\u00fctze, wie ein Korsett und Lebensanker, der einen durch die Zeit der Trauer begleiten kann. Aber auch f\u00fcr die Unterst\u00fctzung von Freunden und Bekannten, die vom Tod betroffen sind, kann es wichtige Impulse und Hinweise geben.<\/p>\n<p>Und es ist eine wichtige Unterst\u00fctzung f\u00fcr alle, die professionell mit Tod, Trauer und Seelsorge zu tun haben.<\/p>\n","protected":false},"excerpt":{"rendered":"<p>&nbsp; &nbsp; &nbsp; &nbsp; &nbsp; Chris Paul, Ich lebe mit meiner Trauer, G\u00fctersloher Verlagshaus 2017, ISBN 978-3-579-07308-8 &nbsp; Ein ganz besonderes Buch hat die Psychotherapeutin und Trauerbegleiterin Chris Paul\u00a0 hier vorgelegt. Sie hat ein Modell entwickelt, mit dem sie den Trauerprozess vom Eintritt des Todes bis in die Zeit Jahre nach dem Tod erkl\u00e4ren. Sie &hellip; <a href=\"https:\/\/blog.liesdoch.de\/?p=4354\" class=\"more-link\"><span class=\"screen-reader-text\">Ich lebe mit meiner Trauer<\/span> weiterlesen <span class=\"meta-nav\">&rarr;<\/span><\/a><\/p>\n","protected":false},"author":6,"featured_media":0,"comment_status":"closed","ping_status":"open","sticky":false,"template":"","format":"standard","meta":{"footnotes":""},"categories":[1],"tags":[],"class_list":["post-4354","post","type-post","status-publish","format-standard","hentry","category-allgemein"],"_links":{"self":[{"href":"https:\/\/blog.liesdoch.de\/index.php?rest_route=\/wp\/v2\/posts\/4354","targetHints":{"allow":["GET"]}}],"collection":[{"href":"https:\/\/blog.liesdoch.de\/index.php?rest_route=\/wp\/v2\/posts"}],"about":[{"href":"https:\/\/blog.liesdoch.de\/index.php?rest_route=\/wp\/v2\/types\/post"}],"author":[{"embeddable":true,"href":"https:\/\/blog.liesdoch.de\/index.php?rest_route=\/wp\/v2\/users\/6"}],"replies":[{"embeddable":true,"href":"https:\/\/blog.liesdoch.de\/index.php?rest_route=%2Fwp%2Fv2%2Fcomments&post=4354"}],"version-history":[{"count":1,"href":"https:\/\/blog.liesdoch.de\/index.php?rest_route=\/wp\/v2\/posts\/4354\/revisions"}],"predecessor-version":[{"id":4356,"href":"https:\/\/blog.liesdoch.de\/index.php?rest_route=\/wp\/v2\/posts\/4354\/revisions\/4356"}],"wp:attachment":[{"href":"https:\/\/blog.liesdoch.de\/index.php?rest_route=%2Fwp%2Fv2%2Fmedia&parent=4354"}],"wp:term":[{"taxonomy":"category","embeddable":true,"href":"https:\/\/blog.liesdoch.de\/index.php?rest_route=%2Fwp%2Fv2%2Fcategories&post=4354"},{"taxonomy":"post_tag","embeddable":true,"href":"https:\/\/blog.liesdoch.de\/index.php?rest_route=%2Fwp%2Fv2%2Ftags&post=4354"}],"curies":[{"name":"wp","href":"https:\/\/api.w.org\/{rel}","templated":true}]}}