{"id":4367,"date":"2017-05-31T11:24:27","date_gmt":"2017-05-31T09:24:27","guid":{"rendered":"http:\/\/blog.liesdoch.de\/?p=4367"},"modified":"2017-05-31T11:24:27","modified_gmt":"2017-05-31T09:24:27","slug":"ueber-gott-und-die-welt-philosophicum-lech-20","status":"publish","type":"post","link":"https:\/\/blog.liesdoch.de\/?p=4367","title":{"rendered":"\u00dcber Gott und die Welt. Philosophicum Lech 20"},"content":{"rendered":"<p>&nbsp;<\/p>\n<p>&nbsp;<\/p>\n<p>&nbsp;<\/p>\n<p><a href=\"http:\/\/blog.liesdoch.de\/wp-content\/uploads\/2017\/05\/47021918z.jpg\"><img loading=\"lazy\" decoding=\"async\" class=\"size-medium wp-image-4368 alignright\" src=\"http:\/\/blog.liesdoch.de\/wp-content\/uploads\/2017\/05\/47021918z-183x300.jpg\" alt=\"\" width=\"183\" height=\"300\" srcset=\"https:\/\/blog.liesdoch.de\/wp-content\/uploads\/2017\/05\/47021918z-183x300.jpg 183w, https:\/\/blog.liesdoch.de\/wp-content\/uploads\/2017\/05\/47021918z.jpg 256w\" sizes=\"auto, (max-width: 183px) 100vw, 183px\" \/><\/a><\/p>\n<p>&nbsp;<\/p>\n<p>Konrad Paul Liessmann (Hg.) \u00dcber Gott und die Welt. Philosophicum Lech 20, Zsolnay 2017, ISBN 978-3-552-05825-5<\/p>\n<p>&nbsp;<\/p>\n<p>&nbsp;<\/p>\n<p>Nun schon zum 20. Mal hat der\u00a0 Philosoph Konrad Paul Liessmann Kollegen und Kolleginnen nach Lech am Arlberg eingeladen, um in einer \u00f6ffentlichen Veranstaltung namens \u201ePhilosophicum Lech\u201c \u00fcber philosophisch-aktuelle Themen zu reden und zu diskutieren.<\/p>\n<p>&nbsp;<\/p>\n<p>\u00dcber \u201eGott und die Welt\u201c zu sprechen, klingt auf den ersten Blick beliebig. Was meint, wer \u00fcber Gott und die Welt redet? Dr\u00fcckt die Redensart fr\u00f6hliche Unbek\u00fcmmertheit aus, signalisiert sie unverbindliche Beliebigkeit? Wer \u00fcber Gott und die Welt redet, l\u00f6st ja keine Probleme, entsch\u00e4rft keine Konflikte und nutzt eine anarchisch klingende Gespr\u00e4chsform<\/p>\n<p>&nbsp;<\/p>\n<p>Doch auf den zweiten Blick verbergen sich dahinter entscheidende Fragen der Gesellschaft. Fragen, denen sich auch die Philosophie seit mehr als zwei Jahrtausenden widmet. In einer Zeit voller Widerspr\u00fcche und Differenzen, in einer Zeit des technologischen Fortschritts, in einer Zeit, in der wissenschaftliche Erkenntnisse mit einer Wiederkehr von Religion Hand in Hand gehen, lohnt es sich, wieder einmal grunds\u00e4tzlich \u00fcber Gott und die Welt nachzudenken.<\/p>\n<p>F\u00fcr Liessmann verbirgt sich dahinter eine der pr\u00e4zisesten Formeln der europ\u00e4ischen Geistesgeschichte. Die Welt war lange ein Synonym f\u00fcr die Verlockungen des B\u00f6sen und des Schmutzigen. Der in die Welt eingewanderte Gott schafft dazu einen echten Kontrast. Und eben den wollen alle abschaffen, die einen Gottesstaat gr\u00fcnden wollen: Dort w\u00fcrde n\u00e4mlich gerade die wichtige Differenz von Gott und der Welt zum Verschwinden gebracht.<\/p>\n<p>&nbsp;<\/p>\n<p>Durchweg lesenswerte philosophische Essays, die in ihrer Gesamtheit etwas abbilden davon, wie die Philosophie Krisen und Probleme sieht und beschreibt, die die Kraft jedes Einzelnen zu \u00fcberstiegen scheinen.<\/p>\n","protected":false},"excerpt":{"rendered":"<p>&nbsp; &nbsp; &nbsp; &nbsp; Konrad Paul Liessmann (Hg.) \u00dcber Gott und die Welt. Philosophicum Lech 20, Zsolnay 2017, ISBN 978-3-552-05825-5 &nbsp; &nbsp; Nun schon zum 20. Mal hat der\u00a0 Philosoph Konrad Paul Liessmann Kollegen und Kolleginnen nach Lech am Arlberg eingeladen, um in einer \u00f6ffentlichen Veranstaltung namens \u201ePhilosophicum Lech\u201c \u00fcber philosophisch-aktuelle Themen zu reden und &hellip; <a href=\"https:\/\/blog.liesdoch.de\/?p=4367\" class=\"more-link\"><span class=\"screen-reader-text\">\u00dcber Gott und die Welt. Philosophicum Lech 20<\/span> weiterlesen <span class=\"meta-nav\">&rarr;<\/span><\/a><\/p>\n","protected":false},"author":6,"featured_media":0,"comment_status":"closed","ping_status":"open","sticky":false,"template":"","format":"standard","meta":{"footnotes":""},"categories":[1],"tags":[],"class_list":["post-4367","post","type-post","status-publish","format-standard","hentry","category-allgemein"],"_links":{"self":[{"href":"https:\/\/blog.liesdoch.de\/index.php?rest_route=\/wp\/v2\/posts\/4367","targetHints":{"allow":["GET"]}}],"collection":[{"href":"https:\/\/blog.liesdoch.de\/index.php?rest_route=\/wp\/v2\/posts"}],"about":[{"href":"https:\/\/blog.liesdoch.de\/index.php?rest_route=\/wp\/v2\/types\/post"}],"author":[{"embeddable":true,"href":"https:\/\/blog.liesdoch.de\/index.php?rest_route=\/wp\/v2\/users\/6"}],"replies":[{"embeddable":true,"href":"https:\/\/blog.liesdoch.de\/index.php?rest_route=%2Fwp%2Fv2%2Fcomments&post=4367"}],"version-history":[{"count":1,"href":"https:\/\/blog.liesdoch.de\/index.php?rest_route=\/wp\/v2\/posts\/4367\/revisions"}],"predecessor-version":[{"id":4369,"href":"https:\/\/blog.liesdoch.de\/index.php?rest_route=\/wp\/v2\/posts\/4367\/revisions\/4369"}],"wp:attachment":[{"href":"https:\/\/blog.liesdoch.de\/index.php?rest_route=%2Fwp%2Fv2%2Fmedia&parent=4367"}],"wp:term":[{"taxonomy":"category","embeddable":true,"href":"https:\/\/blog.liesdoch.de\/index.php?rest_route=%2Fwp%2Fv2%2Fcategories&post=4367"},{"taxonomy":"post_tag","embeddable":true,"href":"https:\/\/blog.liesdoch.de\/index.php?rest_route=%2Fwp%2Fv2%2Ftags&post=4367"}],"curies":[{"name":"wp","href":"https:\/\/api.w.org\/{rel}","templated":true}]}}