{"id":4412,"date":"2017-06-12T15:19:39","date_gmt":"2017-06-12T13:19:39","guid":{"rendered":"http:\/\/blog.liesdoch.de\/?p=4412"},"modified":"2017-06-12T15:19:39","modified_gmt":"2017-06-12T13:19:39","slug":"berge-unter-sternen","status":"publish","type":"post","link":"https:\/\/blog.liesdoch.de\/?p=4412","title":{"rendered":"Berge unter Sternen"},"content":{"rendered":"<p>&nbsp;<\/p>\n<p>&nbsp;<\/p>\n<p>&nbsp;<\/p>\n<p>&nbsp;<\/p>\n<p><a href=\"http:\/\/blog.liesdoch.de\/wp-content\/uploads\/2017\/06\/47112039z.jpg\"><img loading=\"lazy\" decoding=\"async\" class=\"alignnone size-medium wp-image-4413\" src=\"http:\/\/blog.liesdoch.de\/wp-content\/uploads\/2017\/06\/47112039z-300x260.jpg\" alt=\"\" width=\"300\" height=\"260\" srcset=\"https:\/\/blog.liesdoch.de\/wp-content\/uploads\/2017\/06\/47112039z-300x260.jpg 300w, https:\/\/blog.liesdoch.de\/wp-content\/uploads\/2017\/06\/47112039z.jpg 475w\" sizes=\"auto, (max-width: 300px) 100vw, 300px\" \/><\/a><\/p>\n<p>Bernd Willinger, Norbert Span, Berge unter Sternen, Knesebeck 2017, ISBN 978-3-95728-033-6<\/p>\n<p>&nbsp;<\/p>\n<p>In mehr als 250 N\u00e4chten haben die beiden Alpenfreunde und Fotografen Bernd Willinger und Norbert Span\u00a0 sich mit ihren Kameras in den H\u00f6hen der Alpen aufgehalten und dabei in verschiedenen Phasen der Nacht von der ruhigen Stimmung der goldenen Stunde, der D\u00e4mmerung mit ersten erkennbaren Sternbildern, der tiefen Nacht mit besonders hellen Sternen bis zur Morgend\u00e4mmerung Aufnahmen von Bergen, Sternen und Lichtph\u00e4nomenen gemacht, die einen beim Anschauen ein ganz ehrf\u00fcrchtiges Gef\u00fchl machen.<\/p>\n<p>&nbsp;<\/p>\n<p>Durch den Einsatz verschiedener besonderer Techniken (es gibt in diesem Buch auch Tipps f\u00fcr eigenes Fotografieren in den Bergen) sind Bilder von eine einzigartigen und ber\u00fchrenden Sch\u00f6nheit entstanden.<\/p>\n<p>&nbsp;<\/p>\n<p>Ein Augengenuss der besonderen Art.<\/p>\n","protected":false},"excerpt":{"rendered":"<p>&nbsp; &nbsp; &nbsp; &nbsp; Bernd Willinger, Norbert Span, Berge unter Sternen, Knesebeck 2017, ISBN 978-3-95728-033-6 &nbsp; In mehr als 250 N\u00e4chten haben die beiden Alpenfreunde und Fotografen Bernd Willinger und Norbert Span\u00a0 sich mit ihren Kameras in den H\u00f6hen der Alpen aufgehalten und dabei in verschiedenen Phasen der Nacht von der ruhigen Stimmung der goldenen &hellip; <a href=\"https:\/\/blog.liesdoch.de\/?p=4412\" class=\"more-link\"><span class=\"screen-reader-text\">Berge unter Sternen<\/span> weiterlesen <span class=\"meta-nav\">&rarr;<\/span><\/a><\/p>\n","protected":false},"author":6,"featured_media":0,"comment_status":"closed","ping_status":"open","sticky":false,"template":"","format":"standard","meta":{"footnotes":""},"categories":[1],"tags":[],"class_list":["post-4412","post","type-post","status-publish","format-standard","hentry","category-allgemein"],"_links":{"self":[{"href":"https:\/\/blog.liesdoch.de\/index.php?rest_route=\/wp\/v2\/posts\/4412","targetHints":{"allow":["GET"]}}],"collection":[{"href":"https:\/\/blog.liesdoch.de\/index.php?rest_route=\/wp\/v2\/posts"}],"about":[{"href":"https:\/\/blog.liesdoch.de\/index.php?rest_route=\/wp\/v2\/types\/post"}],"author":[{"embeddable":true,"href":"https:\/\/blog.liesdoch.de\/index.php?rest_route=\/wp\/v2\/users\/6"}],"replies":[{"embeddable":true,"href":"https:\/\/blog.liesdoch.de\/index.php?rest_route=%2Fwp%2Fv2%2Fcomments&post=4412"}],"version-history":[{"count":1,"href":"https:\/\/blog.liesdoch.de\/index.php?rest_route=\/wp\/v2\/posts\/4412\/revisions"}],"predecessor-version":[{"id":4414,"href":"https:\/\/blog.liesdoch.de\/index.php?rest_route=\/wp\/v2\/posts\/4412\/revisions\/4414"}],"wp:attachment":[{"href":"https:\/\/blog.liesdoch.de\/index.php?rest_route=%2Fwp%2Fv2%2Fmedia&parent=4412"}],"wp:term":[{"taxonomy":"category","embeddable":true,"href":"https:\/\/blog.liesdoch.de\/index.php?rest_route=%2Fwp%2Fv2%2Fcategories&post=4412"},{"taxonomy":"post_tag","embeddable":true,"href":"https:\/\/blog.liesdoch.de\/index.php?rest_route=%2Fwp%2Fv2%2Ftags&post=4412"}],"curies":[{"name":"wp","href":"https:\/\/api.w.org\/{rel}","templated":true}]}}