{"id":4428,"date":"2017-06-14T11:07:32","date_gmt":"2017-06-14T09:07:32","guid":{"rendered":"http:\/\/blog.liesdoch.de\/?p=4428"},"modified":"2017-06-14T11:07:32","modified_gmt":"2017-06-14T09:07:32","slug":"magnus-und-der-nachtloewe","status":"publish","type":"post","link":"https:\/\/blog.liesdoch.de\/?p=4428","title":{"rendered":"Magnus und der Nachtl\u00f6we"},"content":{"rendered":"<p>&nbsp;<\/p>\n<p>&nbsp;<\/p>\n<p>&nbsp;<\/p>\n<p><a href=\"http:\/\/blog.liesdoch.de\/wp-content\/uploads\/2017\/06\/47144427z.jpg\"><img loading=\"lazy\" decoding=\"async\" class=\"alignnone size-medium wp-image-4429\" src=\"http:\/\/blog.liesdoch.de\/wp-content\/uploads\/2017\/06\/47144427z-269x300.jpg\" alt=\"\" width=\"269\" height=\"300\" srcset=\"https:\/\/blog.liesdoch.de\/wp-content\/uploads\/2017\/06\/47144427z-269x300.jpg 269w, https:\/\/blog.liesdoch.de\/wp-content\/uploads\/2017\/06\/47144427z.jpg 426w\" sizes=\"auto, (max-width: 269px) 100vw, 269px\" \/><\/a><\/p>\n<p>&nbsp;<\/p>\n<p>Sanne Dufft, Magnus und der Nachtl\u00f6we, Urachhaus 2017, ISBN 978-3-8251-5113-3<\/p>\n<p>&nbsp;<\/p>\n<p>Mit einem warmherzig und einf\u00fchlsam geschriebenen knappen Text und sehr realistischen Aquarellbildern n\u00e4hert sich Sanne Dufft in den vorliegenden Bilderbuch aus dem Urachhaus Verlag dem Thema kleinkindlicher Angst vor der Nacht und ihren phantasierten Gestakten wie R\u00e4ubern oder Monstern unter dem Bett.<\/p>\n<p>&nbsp;<\/p>\n<p>Es handelt von dem kleinen Magnus, der gerne Ritter spielt. Eines Nachts tr\u00e4umt er von einem b\u00f6sen R\u00e4uber, der ihm sein Schwert und seinen Hut wegnehmen will. Seine Mutter muss den weinenden Magnus tr\u00f6sten als er aufwacht.<\/p>\n<p>Nat\u00fcrlich h\u00f6rt seine Gro\u00dfmutter davon und bringt ihm am n\u00e4chsten Tag einen kleinen Stoffl\u00f6wen mit, den er sofort mit ins Bett nimmt. Als er erneut von dem R\u00e4uber tr\u00e4umt, sagt der \u201eNachtl\u00f6we\u201c zu ihm: &#8222;Sei kein Hasenfu\u00df. Du bist doch ein Ritter. Setz deinen Hut auf, nimm dein Schwert und schwing dich auf meinen R\u00fccken&#8220;.<\/p>\n<p>Gemeinsam verjagen sie den R\u00e4uber, was mit einigem L\u00e4rm verbunden ist. Als der Vater nachschaut, erkl\u00e4rt ihm Magnus, wie sein L\u00f6we und er den R\u00e4uber verjagt haben, und nun die Eltern ihn Ruhe schlafen k\u00f6nnen\u2026<\/p>\n<p>&nbsp;<\/p>\n<p>Eines der sch\u00f6nsten \u201eNachtangst\u201c \u2013 Bilderb\u00fccher, die ich in den letzten zehn Jahren gelesen habe.<\/p>\n<p>&nbsp;<\/p>\n<p>&nbsp;<\/p>\n<p>&nbsp;<\/p>\n<p>&nbsp;<\/p>\n","protected":false},"excerpt":{"rendered":"<p>&nbsp; &nbsp; &nbsp; &nbsp; Sanne Dufft, Magnus und der Nachtl\u00f6we, Urachhaus 2017, ISBN 978-3-8251-5113-3 &nbsp; Mit einem warmherzig und einf\u00fchlsam geschriebenen knappen Text und sehr realistischen Aquarellbildern n\u00e4hert sich Sanne Dufft in den vorliegenden Bilderbuch aus dem Urachhaus Verlag dem Thema kleinkindlicher Angst vor der Nacht und ihren phantasierten Gestakten wie R\u00e4ubern oder Monstern unter &hellip; <a href=\"https:\/\/blog.liesdoch.de\/?p=4428\" class=\"more-link\"><span class=\"screen-reader-text\">Magnus und der Nachtl\u00f6we<\/span> weiterlesen <span class=\"meta-nav\">&rarr;<\/span><\/a><\/p>\n","protected":false},"author":6,"featured_media":0,"comment_status":"closed","ping_status":"open","sticky":false,"template":"","format":"standard","meta":{"footnotes":""},"categories":[1],"tags":[],"class_list":["post-4428","post","type-post","status-publish","format-standard","hentry","category-allgemein"],"_links":{"self":[{"href":"https:\/\/blog.liesdoch.de\/index.php?rest_route=\/wp\/v2\/posts\/4428","targetHints":{"allow":["GET"]}}],"collection":[{"href":"https:\/\/blog.liesdoch.de\/index.php?rest_route=\/wp\/v2\/posts"}],"about":[{"href":"https:\/\/blog.liesdoch.de\/index.php?rest_route=\/wp\/v2\/types\/post"}],"author":[{"embeddable":true,"href":"https:\/\/blog.liesdoch.de\/index.php?rest_route=\/wp\/v2\/users\/6"}],"replies":[{"embeddable":true,"href":"https:\/\/blog.liesdoch.de\/index.php?rest_route=%2Fwp%2Fv2%2Fcomments&post=4428"}],"version-history":[{"count":1,"href":"https:\/\/blog.liesdoch.de\/index.php?rest_route=\/wp\/v2\/posts\/4428\/revisions"}],"predecessor-version":[{"id":4430,"href":"https:\/\/blog.liesdoch.de\/index.php?rest_route=\/wp\/v2\/posts\/4428\/revisions\/4430"}],"wp:attachment":[{"href":"https:\/\/blog.liesdoch.de\/index.php?rest_route=%2Fwp%2Fv2%2Fmedia&parent=4428"}],"wp:term":[{"taxonomy":"category","embeddable":true,"href":"https:\/\/blog.liesdoch.de\/index.php?rest_route=%2Fwp%2Fv2%2Fcategories&post=4428"},{"taxonomy":"post_tag","embeddable":true,"href":"https:\/\/blog.liesdoch.de\/index.php?rest_route=%2Fwp%2Fv2%2Ftags&post=4428"}],"curies":[{"name":"wp","href":"https:\/\/api.w.org\/{rel}","templated":true}]}}