{"id":4431,"date":"2017-06-14T11:09:55","date_gmt":"2017-06-14T09:09:55","guid":{"rendered":"http:\/\/blog.liesdoch.de\/?p=4431"},"modified":"2017-06-14T11:09:55","modified_gmt":"2017-06-14T09:09:55","slug":"systemisch-unterrichten","status":"publish","type":"post","link":"https:\/\/blog.liesdoch.de\/?p=4431","title":{"rendered":"Systemisch unterrichten"},"content":{"rendered":"<p>&nbsp;<\/p>\n<p>&nbsp;<\/p>\n<p>&nbsp;<\/p>\n<p><a href=\"http:\/\/blog.liesdoch.de\/wp-content\/uploads\/2017\/06\/47194419z-1.jpg\"><img loading=\"lazy\" decoding=\"async\" class=\"alignnone size-medium wp-image-4433\" src=\"http:\/\/blog.liesdoch.de\/wp-content\/uploads\/2017\/06\/47194419z-1-189x300.jpg\" alt=\"\" width=\"189\" height=\"300\" srcset=\"https:\/\/blog.liesdoch.de\/wp-content\/uploads\/2017\/06\/47194419z-1-189x300.jpg 189w, https:\/\/blog.liesdoch.de\/wp-content\/uploads\/2017\/06\/47194419z-1.jpg 264w\" sizes=\"auto, (max-width: 189px) 100vw, 189px\" \/><\/a><\/p>\n<p>Johannes Schwehm, Systemisch unterrichten, Carl Auer Verlag 2017, ISBN 978-3-8497-01809-2<\/p>\n<p>&nbsp;<\/p>\n<p>Das vorliegende Buch eignet sich f\u00fcr alle Lehrer, die sich f\u00fcr den systemischen Ansatz als einen f\u00fcr ihre Unterrichtspraxis hilfreiche Methode interessieren. Je nach Vorkenntnissen ist allerdings wohl einigen Zeit n\u00f6tig, um sich in dieses grundlegenden Buch einzuarbeiten, das nach einem Eingangskapitel \u00fcber die Bedeutung des systemischen Denken und Handelns, das die erkenntnistheoretischen Grundlagen setzt, sich im zweiten Kapitel mit diesem Denken und Handeln im p\u00e4dagogischen Kontext befasst.<\/p>\n<p>&nbsp;<\/p>\n<p>Insgesamt zw\u00f6lf praktisch erprobte Moderationsverfahren f\u00fcr ein\u00a0 systemischeres Unterrichten f\u00fchren in die Praxis ein und laden zum Erproben ein.<\/p>\n<p>&nbsp;<\/p>\n<p>\u00dcberlegungen f\u00fcr die F\u00f6rderung von systemischen Denken im jeweiligen Schulsystem vor Ort beenden ein anspruchsvolles Buch, das als Motivation f\u00fcr eine weitere, intensivere Besch\u00e4ftigung mit systemischen Denken geeignet ist. Auf seine Webseite bietet der Autor zahlreiche Fortbildungsveranstaltungen an, die man nutzen kann um weiterzukommen.<\/p>\n","protected":false},"excerpt":{"rendered":"<p>&nbsp; &nbsp; &nbsp; Johannes Schwehm, Systemisch unterrichten, Carl Auer Verlag 2017, ISBN 978-3-8497-01809-2 &nbsp; Das vorliegende Buch eignet sich f\u00fcr alle Lehrer, die sich f\u00fcr den systemischen Ansatz als einen f\u00fcr ihre Unterrichtspraxis hilfreiche Methode interessieren. Je nach Vorkenntnissen ist allerdings wohl einigen Zeit n\u00f6tig, um sich in dieses grundlegenden Buch einzuarbeiten, das nach einem &hellip; <a href=\"https:\/\/blog.liesdoch.de\/?p=4431\" class=\"more-link\"><span class=\"screen-reader-text\">Systemisch unterrichten<\/span> weiterlesen <span class=\"meta-nav\">&rarr;<\/span><\/a><\/p>\n","protected":false},"author":6,"featured_media":0,"comment_status":"closed","ping_status":"open","sticky":false,"template":"","format":"standard","meta":{"footnotes":""},"categories":[1],"tags":[],"class_list":["post-4431","post","type-post","status-publish","format-standard","hentry","category-allgemein"],"_links":{"self":[{"href":"https:\/\/blog.liesdoch.de\/index.php?rest_route=\/wp\/v2\/posts\/4431","targetHints":{"allow":["GET"]}}],"collection":[{"href":"https:\/\/blog.liesdoch.de\/index.php?rest_route=\/wp\/v2\/posts"}],"about":[{"href":"https:\/\/blog.liesdoch.de\/index.php?rest_route=\/wp\/v2\/types\/post"}],"author":[{"embeddable":true,"href":"https:\/\/blog.liesdoch.de\/index.php?rest_route=\/wp\/v2\/users\/6"}],"replies":[{"embeddable":true,"href":"https:\/\/blog.liesdoch.de\/index.php?rest_route=%2Fwp%2Fv2%2Fcomments&post=4431"}],"version-history":[{"count":1,"href":"https:\/\/blog.liesdoch.de\/index.php?rest_route=\/wp\/v2\/posts\/4431\/revisions"}],"predecessor-version":[{"id":4434,"href":"https:\/\/blog.liesdoch.de\/index.php?rest_route=\/wp\/v2\/posts\/4431\/revisions\/4434"}],"wp:attachment":[{"href":"https:\/\/blog.liesdoch.de\/index.php?rest_route=%2Fwp%2Fv2%2Fmedia&parent=4431"}],"wp:term":[{"taxonomy":"category","embeddable":true,"href":"https:\/\/blog.liesdoch.de\/index.php?rest_route=%2Fwp%2Fv2%2Fcategories&post=4431"},{"taxonomy":"post_tag","embeddable":true,"href":"https:\/\/blog.liesdoch.de\/index.php?rest_route=%2Fwp%2Fv2%2Ftags&post=4431"}],"curies":[{"name":"wp","href":"https:\/\/api.w.org\/{rel}","templated":true}]}}