{"id":4436,"date":"2017-06-19T15:22:20","date_gmt":"2017-06-19T13:22:20","guid":{"rendered":"http:\/\/blog.liesdoch.de\/?p=4436"},"modified":"2017-06-19T15:22:20","modified_gmt":"2017-06-19T13:22:20","slug":"tanz-der-tiefseequalle","status":"publish","type":"post","link":"https:\/\/blog.liesdoch.de\/?p=4436","title":{"rendered":"Tanz der Tiefseequalle"},"content":{"rendered":"<p>&nbsp;<\/p>\n<p>&nbsp;<\/p>\n<p>&nbsp;<\/p>\n<p><a href=\"http:\/\/blog.liesdoch.de\/wp-content\/uploads\/2017\/06\/46903891z.jpg\"><img loading=\"lazy\" decoding=\"async\" class=\"alignnone size-medium wp-image-4437\" src=\"http:\/\/blog.liesdoch.de\/wp-content\/uploads\/2017\/06\/46903891z-197x300.jpg\" alt=\"\" width=\"197\" height=\"300\" srcset=\"https:\/\/blog.liesdoch.de\/wp-content\/uploads\/2017\/06\/46903891z-197x300.jpg 197w, https:\/\/blog.liesdoch.de\/wp-content\/uploads\/2017\/06\/46903891z.jpg 276w\" sizes=\"auto, (max-width: 197px) 100vw, 197px\" \/><\/a><\/p>\n<p>&nbsp;<\/p>\n<p>Stefanie H\u00f6fler, Tanz der Tiefseequalle, Beltz &amp; Gelberg 2017, ISBN 978-3-407-82215-4<\/p>\n<p>&nbsp;<\/p>\n<p>Stefanie H\u00f6fler wei\u00df wovon sie schreibt. Selbst\u00a0 als Lehrerin arbeitend, kann sie sich auf eine bewegende und \u00fcberzeugende Weise in die jugendlichen Protagonisten ihres hier vorliegenden preisgekr\u00f6nten Romans hineinversetzen.<\/p>\n<p>&nbsp;<\/p>\n<p>Es ist eine Geschichte, in der es geht um Vorurteile, Mut und strake Charaktere, eine Geschichte von Jugendlichen mitten in den Wehen der Pubert\u00e4t. Spannend und mit einer \u00fcberzeugenden und n\u00fcchternen Sprache l\u00e4sst sie die h\u00fcbsche Sera und den dicken Niko aus deren Sicht erz\u00e4hlen, wie sie nach etlichen\u00a0 Mobbingerfahrungen vorsichtig eine gewissen Faszination f\u00fcreinander entdecken und sich n\u00e4herkommen.<\/p>\n<p>&nbsp;<\/p>\n<p>Stefanie H\u00f6fler schenkt den beiden Jugendlichen eine eigene Sprache, in der sie warmherzig und gef\u00fchlvoll eine Geschichte erz\u00e4hlt, die wie gemacht ist f\u00fcr jugendliche Leser. Vielleicht wird dieses Buch in einigen Jahren ebenso als Unterrichtstoff in der 8. Klasse verwendet, wie zum Beispiel Bauers \u201eNennt mich nicht Ismael\u201c und andere.<\/p>\n<p>&nbsp;<\/p>\n<p>&nbsp;<\/p>\n","protected":false},"excerpt":{"rendered":"<p>&nbsp; &nbsp; &nbsp; &nbsp; Stefanie H\u00f6fler, Tanz der Tiefseequalle, Beltz &amp; Gelberg 2017, ISBN 978-3-407-82215-4 &nbsp; Stefanie H\u00f6fler wei\u00df wovon sie schreibt. Selbst\u00a0 als Lehrerin arbeitend, kann sie sich auf eine bewegende und \u00fcberzeugende Weise in die jugendlichen Protagonisten ihres hier vorliegenden preisgekr\u00f6nten Romans hineinversetzen. &nbsp; Es ist eine Geschichte, in der es geht um &hellip; <a href=\"https:\/\/blog.liesdoch.de\/?p=4436\" class=\"more-link\"><span class=\"screen-reader-text\">Tanz der Tiefseequalle<\/span> weiterlesen <span class=\"meta-nav\">&rarr;<\/span><\/a><\/p>\n","protected":false},"author":6,"featured_media":0,"comment_status":"closed","ping_status":"open","sticky":false,"template":"","format":"standard","meta":{"footnotes":""},"categories":[1],"tags":[],"class_list":["post-4436","post","type-post","status-publish","format-standard","hentry","category-allgemein"],"_links":{"self":[{"href":"https:\/\/blog.liesdoch.de\/index.php?rest_route=\/wp\/v2\/posts\/4436","targetHints":{"allow":["GET"]}}],"collection":[{"href":"https:\/\/blog.liesdoch.de\/index.php?rest_route=\/wp\/v2\/posts"}],"about":[{"href":"https:\/\/blog.liesdoch.de\/index.php?rest_route=\/wp\/v2\/types\/post"}],"author":[{"embeddable":true,"href":"https:\/\/blog.liesdoch.de\/index.php?rest_route=\/wp\/v2\/users\/6"}],"replies":[{"embeddable":true,"href":"https:\/\/blog.liesdoch.de\/index.php?rest_route=%2Fwp%2Fv2%2Fcomments&post=4436"}],"version-history":[{"count":1,"href":"https:\/\/blog.liesdoch.de\/index.php?rest_route=\/wp\/v2\/posts\/4436\/revisions"}],"predecessor-version":[{"id":4438,"href":"https:\/\/blog.liesdoch.de\/index.php?rest_route=\/wp\/v2\/posts\/4436\/revisions\/4438"}],"wp:attachment":[{"href":"https:\/\/blog.liesdoch.de\/index.php?rest_route=%2Fwp%2Fv2%2Fmedia&parent=4436"}],"wp:term":[{"taxonomy":"category","embeddable":true,"href":"https:\/\/blog.liesdoch.de\/index.php?rest_route=%2Fwp%2Fv2%2Fcategories&post=4436"},{"taxonomy":"post_tag","embeddable":true,"href":"https:\/\/blog.liesdoch.de\/index.php?rest_route=%2Fwp%2Fv2%2Ftags&post=4436"}],"curies":[{"name":"wp","href":"https:\/\/api.w.org\/{rel}","templated":true}]}}