{"id":4460,"date":"2017-06-21T12:57:39","date_gmt":"2017-06-21T10:57:39","guid":{"rendered":"http:\/\/blog.liesdoch.de\/?p=4460"},"modified":"2017-06-21T12:57:39","modified_gmt":"2017-06-21T10:57:39","slug":"die-neue-psychologie-des-alterns","status":"publish","type":"post","link":"https:\/\/blog.liesdoch.de\/?p=4460","title":{"rendered":"Die neue Psychologie des Alterns"},"content":{"rendered":"<p>&nbsp;<\/p>\n<p>&nbsp;<\/p>\n<p>&nbsp;<\/p>\n<p>&nbsp;<\/p>\n<p><a href=\"http:\/\/blog.liesdoch.de\/wp-content\/uploads\/2017\/06\/47032354z.jpg\"><img loading=\"lazy\" decoding=\"async\" class=\"alignnone size-medium wp-image-4461\" src=\"http:\/\/blog.liesdoch.de\/wp-content\/uploads\/2017\/06\/47032354z-189x300.jpg\" alt=\"\" width=\"189\" height=\"300\" srcset=\"https:\/\/blog.liesdoch.de\/wp-content\/uploads\/2017\/06\/47032354z-189x300.jpg 189w, https:\/\/blog.liesdoch.de\/wp-content\/uploads\/2017\/06\/47032354z.jpg 264w\" sizes=\"auto, (max-width: 189px) 100vw, 189px\" \/><\/a><\/p>\n<p>&nbsp;<\/p>\n<p>Hans-Werner Wahl, Die neue Psychologie des Alterns, K\u00f6sel 2017, ISBN 978-3-466-34637-0<\/p>\n<p>&nbsp;<\/p>\n<p>Der Autor des vorliegenden sich an ein breites Lesepublikum richtenden Buches, Hans-Werner Wahl, z\u00e4hlt zu auch international renommiertesten Gerontologen Deutschlands.<\/p>\n<p>&nbsp;<\/p>\n<p>W\u00e4hrend nicht nur in Deutschland die Bev\u00f6lkerung immer \u00e4lter wird, die Lebenserwartung des Einzelnen steigt, wird vor allem in der Sozialpolitik heftig darum gestritten, wie dieser Wandel zu gestalten ist. Die bisherigen Vorschl\u00e4ge, die allerdings vorgelegt wurden, bleiben bei der alten Linie, den Wohlstand der alten Menschen und Rentner auf Kosten der j\u00fcngeren Generationen zu sichern, weil diese mehr W\u00e4hlerstimmen besitzen.<\/p>\n<p>&nbsp;<\/p>\n<p>Doch diese Dimension des Alters interessiert den Gerontologen nur am Rande, wenn auch eine sozial abgesicherte Existenz im Alter mir als eine fast notwendige Bedingung daf\u00fcr scheint, was Wahl dann sein ganzes Buch \u00fcber nachweist.<\/p>\n<p>&nbsp;<\/p>\n<p>Viele Forschungen haben\u00a0 ergeben, dass wir Menschen uns bis ins hohe Alter weiterentwickeln k\u00f6nnen und dass viele das auch schon erfolgreich tun. Wahl zitiert Langzeitstudien, die belegen, dass sich Menschen, die etwa kurz vor dem Ruhestand stehen, sich f\u00fcr das \u00c4lterwerden bestens ger\u00fcstet sehen k\u00f6nnen. Denn:<\/p>\n<ul>\n<li>\u00c4ltere f\u00fchlen sich meist deutlich j\u00fcnger, als sie sind und leben dadurch l\u00e4nger<\/li>\n<li>Sie k\u00f6nnen sich erstaunlich gut anpassen und altersbedingte Einschr\u00e4nkungen bew\u00e4ltigen, sind deshalb zufrieden und f\u00fchlen sich wohl<\/li>\n<li>Trotz vieler Meldungen die wachsende Zahl von Demenzkranken: \u00c4ltere sind kognitiv und mental \u00fcberraschend stabil<\/li>\n<\/ul>\n<p>An vielen Beispielen wird deutlich: Man kann seinem Alter entspannt entgegensehen, wenn man bereit ist und lernt, es auch aktiv zu gestalten.<\/p>\n<p>&nbsp;<\/p>\n<p>&nbsp;<\/p>\n<p>&nbsp;<\/p>\n","protected":false},"excerpt":{"rendered":"<p>&nbsp; &nbsp; &nbsp; &nbsp; &nbsp; Hans-Werner Wahl, Die neue Psychologie des Alterns, K\u00f6sel 2017, ISBN 978-3-466-34637-0 &nbsp; Der Autor des vorliegenden sich an ein breites Lesepublikum richtenden Buches, Hans-Werner Wahl, z\u00e4hlt zu auch international renommiertesten Gerontologen Deutschlands. &nbsp; W\u00e4hrend nicht nur in Deutschland die Bev\u00f6lkerung immer \u00e4lter wird, die Lebenserwartung des Einzelnen steigt, wird vor &hellip; <a href=\"https:\/\/blog.liesdoch.de\/?p=4460\" class=\"more-link\"><span class=\"screen-reader-text\">Die neue Psychologie des Alterns<\/span> weiterlesen <span class=\"meta-nav\">&rarr;<\/span><\/a><\/p>\n","protected":false},"author":6,"featured_media":0,"comment_status":"closed","ping_status":"open","sticky":false,"template":"","format":"standard","meta":{"footnotes":""},"categories":[1],"tags":[],"class_list":["post-4460","post","type-post","status-publish","format-standard","hentry","category-allgemein"],"_links":{"self":[{"href":"https:\/\/blog.liesdoch.de\/index.php?rest_route=\/wp\/v2\/posts\/4460","targetHints":{"allow":["GET"]}}],"collection":[{"href":"https:\/\/blog.liesdoch.de\/index.php?rest_route=\/wp\/v2\/posts"}],"about":[{"href":"https:\/\/blog.liesdoch.de\/index.php?rest_route=\/wp\/v2\/types\/post"}],"author":[{"embeddable":true,"href":"https:\/\/blog.liesdoch.de\/index.php?rest_route=\/wp\/v2\/users\/6"}],"replies":[{"embeddable":true,"href":"https:\/\/blog.liesdoch.de\/index.php?rest_route=%2Fwp%2Fv2%2Fcomments&post=4460"}],"version-history":[{"count":1,"href":"https:\/\/blog.liesdoch.de\/index.php?rest_route=\/wp\/v2\/posts\/4460\/revisions"}],"predecessor-version":[{"id":4462,"href":"https:\/\/blog.liesdoch.de\/index.php?rest_route=\/wp\/v2\/posts\/4460\/revisions\/4462"}],"wp:attachment":[{"href":"https:\/\/blog.liesdoch.de\/index.php?rest_route=%2Fwp%2Fv2%2Fmedia&parent=4460"}],"wp:term":[{"taxonomy":"category","embeddable":true,"href":"https:\/\/blog.liesdoch.de\/index.php?rest_route=%2Fwp%2Fv2%2Fcategories&post=4460"},{"taxonomy":"post_tag","embeddable":true,"href":"https:\/\/blog.liesdoch.de\/index.php?rest_route=%2Fwp%2Fv2%2Ftags&post=4460"}],"curies":[{"name":"wp","href":"https:\/\/api.w.org\/{rel}","templated":true}]}}