{"id":4506,"date":"2017-06-28T09:59:38","date_gmt":"2017-06-28T07:59:38","guid":{"rendered":"http:\/\/blog.liesdoch.de\/?p=4506"},"modified":"2017-06-28T09:59:38","modified_gmt":"2017-06-28T07:59:38","slug":"waldgefluester","status":"publish","type":"post","link":"https:\/\/blog.liesdoch.de\/?p=4506","title":{"rendered":"Waldgefl\u00fcster"},"content":{"rendered":"<p>&nbsp;<\/p>\n<p>&nbsp;<\/p>\n<p>&nbsp;<\/p>\n<p>&nbsp;<\/p>\n<p><a href=\"http:\/\/blog.liesdoch.de\/wp-content\/uploads\/2017\/06\/48179615z.jpg\"><img loading=\"lazy\" decoding=\"async\" class=\"alignnone size-medium wp-image-4507\" src=\"http:\/\/blog.liesdoch.de\/wp-content\/uploads\/2017\/06\/48179615z-181x300.jpg\" alt=\"\" width=\"181\" height=\"300\" srcset=\"https:\/\/blog.liesdoch.de\/wp-content\/uploads\/2017\/06\/48179615z-181x300.jpg 181w, https:\/\/blog.liesdoch.de\/wp-content\/uploads\/2017\/06\/48179615z.jpg 253w\" sizes=\"auto, (max-width: 181px) 100vw, 181px\" \/><\/a><\/p>\n<p>Ilka Osenberg-van Vlugt, Waldgefl\u00fcster, Verlag am Eschbach 2017, ISBN 978-3-86917-567-6<\/p>\n<p>&nbsp;<\/p>\n<p>\u00dcber die B\u00e4ume als unserer Seelenverwandten geht es in diesem sch\u00f6nen Geschenk- und Meditationsbuch aus dem Verlag am Eschbach, f\u00fcr das\u00a0 Ilka Osenberg-van Vlugt Gedichte und Texte zusammengestellt und J\u00f6rn Sackermann wunderbare Fotografien beigesteuert hat.<\/p>\n<p>&nbsp;<\/p>\n<p>\u201eDie Weisheit der B\u00e4ume vom Wurzeln und Wachsen\u201c, von der der Untertitel des Buches spricht, ist, so wird in allen diesen nachdenklichen Texten etwas, von der wir als Menschen lernen k\u00f6nnen.<\/p>\n<p>&nbsp;<\/p>\n<p>Eine der k\u00fcrzeren Texte dieses Buches hat mich am meisten angesprochen und getroffen, vielleicht weil seine Aussage und sein Sinn am Schwierigsten sind.\u00a0 Er stammt von Hape Kerkeling. Sein Fundort ist im Quellenverzeichnis leider nicht aufgef\u00fchrt.<\/p>\n<p>\u201eJeder Mensch sucht nach Halt. Dabei liegt der einzige Halt im Loslassen.\u201c<\/p>\n","protected":false},"excerpt":{"rendered":"<p>&nbsp; &nbsp; &nbsp; &nbsp; Ilka Osenberg-van Vlugt, Waldgefl\u00fcster, Verlag am Eschbach 2017, ISBN 978-3-86917-567-6 &nbsp; \u00dcber die B\u00e4ume als unserer Seelenverwandten geht es in diesem sch\u00f6nen Geschenk- und Meditationsbuch aus dem Verlag am Eschbach, f\u00fcr das\u00a0 Ilka Osenberg-van Vlugt Gedichte und Texte zusammengestellt und J\u00f6rn Sackermann wunderbare Fotografien beigesteuert hat. &nbsp; \u201eDie Weisheit der B\u00e4ume &hellip; <a href=\"https:\/\/blog.liesdoch.de\/?p=4506\" class=\"more-link\"><span class=\"screen-reader-text\">Waldgefl\u00fcster<\/span> weiterlesen <span class=\"meta-nav\">&rarr;<\/span><\/a><\/p>\n","protected":false},"author":6,"featured_media":0,"comment_status":"closed","ping_status":"open","sticky":false,"template":"","format":"standard","meta":{"footnotes":""},"categories":[1],"tags":[],"class_list":["post-4506","post","type-post","status-publish","format-standard","hentry","category-allgemein"],"_links":{"self":[{"href":"https:\/\/blog.liesdoch.de\/index.php?rest_route=\/wp\/v2\/posts\/4506","targetHints":{"allow":["GET"]}}],"collection":[{"href":"https:\/\/blog.liesdoch.de\/index.php?rest_route=\/wp\/v2\/posts"}],"about":[{"href":"https:\/\/blog.liesdoch.de\/index.php?rest_route=\/wp\/v2\/types\/post"}],"author":[{"embeddable":true,"href":"https:\/\/blog.liesdoch.de\/index.php?rest_route=\/wp\/v2\/users\/6"}],"replies":[{"embeddable":true,"href":"https:\/\/blog.liesdoch.de\/index.php?rest_route=%2Fwp%2Fv2%2Fcomments&post=4506"}],"version-history":[{"count":1,"href":"https:\/\/blog.liesdoch.de\/index.php?rest_route=\/wp\/v2\/posts\/4506\/revisions"}],"predecessor-version":[{"id":4508,"href":"https:\/\/blog.liesdoch.de\/index.php?rest_route=\/wp\/v2\/posts\/4506\/revisions\/4508"}],"wp:attachment":[{"href":"https:\/\/blog.liesdoch.de\/index.php?rest_route=%2Fwp%2Fv2%2Fmedia&parent=4506"}],"wp:term":[{"taxonomy":"category","embeddable":true,"href":"https:\/\/blog.liesdoch.de\/index.php?rest_route=%2Fwp%2Fv2%2Fcategories&post=4506"},{"taxonomy":"post_tag","embeddable":true,"href":"https:\/\/blog.liesdoch.de\/index.php?rest_route=%2Fwp%2Fv2%2Ftags&post=4506"}],"curies":[{"name":"wp","href":"https:\/\/api.w.org\/{rel}","templated":true}]}}