{"id":4516,"date":"2017-06-28T10:57:54","date_gmt":"2017-06-28T08:57:54","guid":{"rendered":"http:\/\/blog.liesdoch.de\/?p=4516"},"modified":"2017-06-28T10:57:54","modified_gmt":"2017-06-28T08:57:54","slug":"unfair-fuer-eine-gerechte-globalisierung","status":"publish","type":"post","link":"https:\/\/blog.liesdoch.de\/?p=4516","title":{"rendered":"Unfair. F\u00fcr eine gerechte Globalisierung"},"content":{"rendered":"<p>&nbsp;<\/p>\n<p>&nbsp;<\/p>\n<p>&nbsp;<\/p>\n<p><a href=\"http:\/\/blog.liesdoch.de\/wp-content\/uploads\/2017\/06\/48296357z.jpg\"><img loading=\"lazy\" decoding=\"async\" class=\"alignnone size-medium wp-image-4517\" src=\"http:\/\/blog.liesdoch.de\/wp-content\/uploads\/2017\/06\/48296357z-196x300.jpg\" alt=\"\" width=\"196\" height=\"300\" srcset=\"https:\/\/blog.liesdoch.de\/wp-content\/uploads\/2017\/06\/48296357z-196x300.jpg 196w, https:\/\/blog.liesdoch.de\/wp-content\/uploads\/2017\/06\/48296357z.jpg 274w\" sizes=\"auto, (max-width: 196px) 100vw, 196px\" \/><\/a><\/p>\n<p>&nbsp;<\/p>\n<p>Gerd M\u00fcller, Unfair. F\u00fcr eine gerechte Globalisierung, Murmann 2017, ISBN 978-3-86774-579-6<\/p>\n<p>&nbsp;<\/p>\n<p>Der seit 2013 als Bundesminister f\u00fcr wirtschaftliche Zusammenarbeit und Entwicklung amtierende CSU-Politiker Gerd M\u00fcller ist vielleicht das am meisten untersch\u00e4tzte und am wenigsten in seiner politischen Arbeit anerkannte und wertgesch\u00e4tzte Mitglied der dritten Regierung Merkel.<\/p>\n<p>&nbsp;<\/p>\n<p>\u00c4hnlich wie schon der ehemalige Bundespr\u00e4sident Horst K\u00f6hler, der zu diesem Buch eine positive Widmung geschrieben hat, ist Gerd M\u00fcller auf eine erfrischende Weise unideologisch an seine Aufgabe herangegangen und hat sich von ihr gefangen nehmen lassen.<\/p>\n<p>&nbsp;<\/p>\n<p>Gerd M\u00fcller ist davon \u00fcberzeugt, dass es m\u00f6glich ist, insbesondere in Afrika politisch so zu wirken, dass es eine Zukunft gibt f\u00fcr diesen Kontinent und seine Menschen, eine Zukunft vor Ort, ohne sich in die H\u00e4nde von Schleppern zu begeben und auf den gef\u00e4hrlichen Weg nach Europa zu machen.<\/p>\n<p>&nbsp;<\/p>\n<p>Denn all diese meist jungen\u00a0 Menschen, die da gehen in Scharen, werden den afrikanischen Staaten fehlen beim dringenden Aufbau des Landes.<\/p>\n<p>&nbsp;<\/p>\n<p>Auf fast jeder Seite dieses engagierten Buches macht er deutlich: wir haben das Wissen, die Technologie und das Geld, um endlich zu mehr Fairness gegen\u00fcber den sich entwickelnden L\u00e4ndern zu kommen. Die Herausforderungen sind gro\u00df, aber wie M\u00fcller nicht m\u00fcde wird zu betonen, sie sind l\u00f6sbar. Sein Buch ist voller Beschreibungen von Wegen dorthin.<\/p>\n<p>&nbsp;<\/p>\n<p>Horst K\u00f6hler sagt dazu: \u201eIn diesen unruhigen Zeiten werden wir nur weiterkommen, wenn wir an L\u00f6sungen arbeiten, die sowohl langfristig als ach global sind. Wer verstehen will, vor welchen gigantischen Herausforderungen die Menschheit steht und was zu tun ist, sollte dieses Buch lesen.\u201c<\/p>\n","protected":false},"excerpt":{"rendered":"<p>&nbsp; &nbsp; &nbsp; &nbsp; Gerd M\u00fcller, Unfair. F\u00fcr eine gerechte Globalisierung, Murmann 2017, ISBN 978-3-86774-579-6 &nbsp; Der seit 2013 als Bundesminister f\u00fcr wirtschaftliche Zusammenarbeit und Entwicklung amtierende CSU-Politiker Gerd M\u00fcller ist vielleicht das am meisten untersch\u00e4tzte und am wenigsten in seiner politischen Arbeit anerkannte und wertgesch\u00e4tzte Mitglied der dritten Regierung Merkel. &nbsp; \u00c4hnlich wie schon &hellip; <a href=\"https:\/\/blog.liesdoch.de\/?p=4516\" class=\"more-link\"><span class=\"screen-reader-text\">Unfair. F\u00fcr eine gerechte Globalisierung<\/span> weiterlesen <span class=\"meta-nav\">&rarr;<\/span><\/a><\/p>\n","protected":false},"author":6,"featured_media":0,"comment_status":"closed","ping_status":"open","sticky":false,"template":"","format":"standard","meta":{"footnotes":""},"categories":[1],"tags":[],"class_list":["post-4516","post","type-post","status-publish","format-standard","hentry","category-allgemein"],"_links":{"self":[{"href":"https:\/\/blog.liesdoch.de\/index.php?rest_route=\/wp\/v2\/posts\/4516","targetHints":{"allow":["GET"]}}],"collection":[{"href":"https:\/\/blog.liesdoch.de\/index.php?rest_route=\/wp\/v2\/posts"}],"about":[{"href":"https:\/\/blog.liesdoch.de\/index.php?rest_route=\/wp\/v2\/types\/post"}],"author":[{"embeddable":true,"href":"https:\/\/blog.liesdoch.de\/index.php?rest_route=\/wp\/v2\/users\/6"}],"replies":[{"embeddable":true,"href":"https:\/\/blog.liesdoch.de\/index.php?rest_route=%2Fwp%2Fv2%2Fcomments&post=4516"}],"version-history":[{"count":1,"href":"https:\/\/blog.liesdoch.de\/index.php?rest_route=\/wp\/v2\/posts\/4516\/revisions"}],"predecessor-version":[{"id":4518,"href":"https:\/\/blog.liesdoch.de\/index.php?rest_route=\/wp\/v2\/posts\/4516\/revisions\/4518"}],"wp:attachment":[{"href":"https:\/\/blog.liesdoch.de\/index.php?rest_route=%2Fwp%2Fv2%2Fmedia&parent=4516"}],"wp:term":[{"taxonomy":"category","embeddable":true,"href":"https:\/\/blog.liesdoch.de\/index.php?rest_route=%2Fwp%2Fv2%2Fcategories&post=4516"},{"taxonomy":"post_tag","embeddable":true,"href":"https:\/\/blog.liesdoch.de\/index.php?rest_route=%2Fwp%2Fv2%2Ftags&post=4516"}],"curies":[{"name":"wp","href":"https:\/\/api.w.org\/{rel}","templated":true}]}}