{"id":4519,"date":"2017-06-28T10:58:32","date_gmt":"2017-06-28T08:58:32","guid":{"rendered":"http:\/\/blog.liesdoch.de\/?p=4519"},"modified":"2017-06-28T10:58:32","modified_gmt":"2017-06-28T08:58:32","slug":"haltung-ist-staerke","status":"publish","type":"post","link":"https:\/\/blog.liesdoch.de\/?p=4519","title":{"rendered":"Haltung ist St\u00e4rke"},"content":{"rendered":"<p>&nbsp;<\/p>\n<p>&nbsp;<\/p>\n<p>&nbsp;<\/p>\n<p>&nbsp;<\/p>\n<p><a href=\"http:\/\/blog.liesdoch.de\/wp-content\/uploads\/2017\/06\/47031343z.jpg\"><img loading=\"lazy\" decoding=\"async\" class=\"alignnone size-medium wp-image-4520\" src=\"http:\/\/blog.liesdoch.de\/wp-content\/uploads\/2017\/06\/47031343z-189x300.jpg\" alt=\"\" width=\"189\" height=\"300\" srcset=\"https:\/\/blog.liesdoch.de\/wp-content\/uploads\/2017\/06\/47031343z-189x300.jpg 189w, https:\/\/blog.liesdoch.de\/wp-content\/uploads\/2017\/06\/47031343z.jpg 264w\" sizes=\"auto, (max-width: 189px) 100vw, 189px\" \/><\/a><\/p>\n<p>&nbsp;<\/p>\n<p>Sabine Leutheusser-Schnarrenberger, Haltung ist St\u00e4rke, K\u00f6sel 2017, ISBN 978-3-466-37185-3<\/p>\n<p>&nbsp;<\/p>\n<p>Nicht erst seit den Landtagswahlen in Schleswig-Holstein und Nordrhein-Westfalen vor einigen Wochen ist die FDP wieder in aller Munde. Man traut ihr zu, im September bei den Bundestagswahlen ein respektables Ergebnis zu erzielen und auch eine Regierungsbeteiligung scheint m\u00f6glich.<\/p>\n<p>&nbsp;<\/p>\n<p>Die FDP war in ihrer langen Geschichte nach dem Zweiten Weltkrieg schon immer eine Partei, die durch starke und beeindruckende Frauen und M\u00e4nner aufgefallen ist. Menschen, die in ganz besonderer Weise das Liberale, die Idee der Freiheit und individuellen Selbstbestimmung vertraten und konsequent daf\u00fcr eintraten.<\/p>\n<p>&nbsp;<\/p>\n<p>Sabine Leutheusser-Schnarrenberger, die Autorin des vorliegenden Buch ist eine von ihnen. Es ist gut, dass ihr Buch mit ihrer politischen Biographie in diesen Tagen erscheint, weil es deutlich machen kann, wodurch sich Liberale unterscheiden von anderen Wettbewerbern um die Mandate in Berlin.<\/p>\n<p>&nbsp;<\/p>\n<p>Zweimal war sie Justizministerin, zuerst im Kabinett Kohl, dann von 2009 bis 2013 im Kabinett Angela Merkels.\u00a0 Ihr politisches Leben zeigt, dass eine konsequente Haltung (sie trat 1996 wegen dem Gro\u00dfen Lauschangriff zur\u00fcck) nicht bedeuten muss, dass man f\u00fcr immer aus dem \u00f6ffentlichen Leben verschwindet, im Gegenteil.<\/p>\n<p>&nbsp;<\/p>\n<p>Ihr Buch gibt dem interessierten Leser in n\u00fcchternem, ja fast bescheidenem Stil Einblick in ihr politisches und privates Leben.<\/p>\n<p>Sie schlie\u00dft ihr Buch mit den Worten:<\/p>\n<p>\u201eEs geht um unser Leben, um\u00a0 unsere Lebensqualit\u00e4t und um Verantwortung. Mit Haltung, mit \u00dcberzeugung, mit Kompetenz und eine klaren Wertekompass werde ich f\u00fcr die Freiheitsrechte k\u00e4mpfen. Und darum, dass viele mitmachen.\u201c<\/p>\n<p>&nbsp;<\/p>\n<p>Auch in einem vierten Kabinett Merkel nach der Wahl im September?<\/p>\n","protected":false},"excerpt":{"rendered":"<p>&nbsp; &nbsp; &nbsp; &nbsp; &nbsp; Sabine Leutheusser-Schnarrenberger, Haltung ist St\u00e4rke, K\u00f6sel 2017, ISBN 978-3-466-37185-3 &nbsp; Nicht erst seit den Landtagswahlen in Schleswig-Holstein und Nordrhein-Westfalen vor einigen Wochen ist die FDP wieder in aller Munde. Man traut ihr zu, im September bei den Bundestagswahlen ein respektables Ergebnis zu erzielen und auch eine Regierungsbeteiligung scheint m\u00f6glich. &nbsp; &hellip; <a href=\"https:\/\/blog.liesdoch.de\/?p=4519\" class=\"more-link\"><span class=\"screen-reader-text\">Haltung ist St\u00e4rke<\/span> weiterlesen <span class=\"meta-nav\">&rarr;<\/span><\/a><\/p>\n","protected":false},"author":6,"featured_media":0,"comment_status":"closed","ping_status":"open","sticky":false,"template":"","format":"standard","meta":{"footnotes":""},"categories":[1],"tags":[],"class_list":["post-4519","post","type-post","status-publish","format-standard","hentry","category-allgemein"],"_links":{"self":[{"href":"https:\/\/blog.liesdoch.de\/index.php?rest_route=\/wp\/v2\/posts\/4519","targetHints":{"allow":["GET"]}}],"collection":[{"href":"https:\/\/blog.liesdoch.de\/index.php?rest_route=\/wp\/v2\/posts"}],"about":[{"href":"https:\/\/blog.liesdoch.de\/index.php?rest_route=\/wp\/v2\/types\/post"}],"author":[{"embeddable":true,"href":"https:\/\/blog.liesdoch.de\/index.php?rest_route=\/wp\/v2\/users\/6"}],"replies":[{"embeddable":true,"href":"https:\/\/blog.liesdoch.de\/index.php?rest_route=%2Fwp%2Fv2%2Fcomments&post=4519"}],"version-history":[{"count":1,"href":"https:\/\/blog.liesdoch.de\/index.php?rest_route=\/wp\/v2\/posts\/4519\/revisions"}],"predecessor-version":[{"id":4521,"href":"https:\/\/blog.liesdoch.de\/index.php?rest_route=\/wp\/v2\/posts\/4519\/revisions\/4521"}],"wp:attachment":[{"href":"https:\/\/blog.liesdoch.de\/index.php?rest_route=%2Fwp%2Fv2%2Fmedia&parent=4519"}],"wp:term":[{"taxonomy":"category","embeddable":true,"href":"https:\/\/blog.liesdoch.de\/index.php?rest_route=%2Fwp%2Fv2%2Fcategories&post=4519"},{"taxonomy":"post_tag","embeddable":true,"href":"https:\/\/blog.liesdoch.de\/index.php?rest_route=%2Fwp%2Fv2%2Ftags&post=4519"}],"curies":[{"name":"wp","href":"https:\/\/api.w.org\/{rel}","templated":true}]}}