{"id":453,"date":"2015-08-29T11:19:18","date_gmt":"2015-08-29T09:19:18","guid":{"rendered":"http:\/\/blog.liesdoch.de\/?p=453"},"modified":"2015-08-29T11:19:18","modified_gmt":"2015-08-29T09:19:18","slug":"iq-training-fuer-die-generation-55-plus","status":"publish","type":"post","link":"https:\/\/blog.liesdoch.de\/?p=453","title":{"rendered":"IQ- Training f\u00fcr die Generation 55 plus,"},"content":{"rendered":"<p>&nbsp;<\/p>\n<p><a href=\"http:\/\/blog.liesdoch.de\/wp-content\/uploads\/2015\/08\/41410971z.jpg\"><img loading=\"lazy\" decoding=\"async\" class=\"alignnone size-medium wp-image-454\" src=\"http:\/\/blog.liesdoch.de\/wp-content\/uploads\/2015\/08\/41410971z-210x300.jpg\" alt=\"41410971z\" width=\"210\" height=\"300\" srcset=\"https:\/\/blog.liesdoch.de\/wp-content\/uploads\/2015\/08\/41410971z-210x300.jpg 210w, https:\/\/blog.liesdoch.de\/wp-content\/uploads\/2015\/08\/41410971z.jpg 294w\" sizes=\"auto, (max-width: 210px) 100vw, 210px\" \/><\/a><\/p>\n<p>&nbsp;<\/p>\n<p>Irina Bosley, IQ- Training f\u00fcr die Generation 55 plus, Verlag Modernes Lernen 2015, ISBN 978-3-8080-0753-2<\/p>\n<p>&nbsp;<\/p>\n<p>&nbsp;<\/p>\n<p>Die Aussichten f\u00fcr jemand, der heute 55 Jahr und \u00e4lter ist, in sp\u00e4teren Jahren an irgendeiner der vielen Formen von Demenz zu erkranken, steigen mit jedem weiteren Lebensjahr rasant. Entsprechend nimmt auch langsam die Angst bei vielen Menschen zu, sp\u00e4ter einmal an einer solchen Krankheit zu leiden, von der man dann gar nicht mehr mitbekommt und durch die man seiner Familie nur zur Last f\u00e4llt.<\/p>\n<p>Viele Forschungen legen nahe, dass man durch geistige T\u00e4tigkeit diesem auch ohne Demenzerkrankung nat\u00fcrlichen R\u00fcckgangs der Intelligenzleistung zumindest teilweise vorbeugen kann.<\/p>\n<p>Das vorliegende Trainingsprogramm f\u00fcr insgesamt 30 Tage hat das Ziel, geistige Leistungsf\u00e4higkeit mit einem t\u00e4glichen Training zu erhalten und zu steigern. Es geht dabei um Konzentration, Urteilsverm\u00f6gen und schlussfolgerndes Denken.<\/p>\n<p>Die Aufgaben sind durchaus anspruchsvoll und nicht immer schnell und einfach zu l\u00f6sen.<\/p>\n<p>Neben einer gesunden Ern\u00e4hrung, dem reiben von Sport, sozialen Kontakten und Spa\u00df am Leben, sind solche \u00dcbungen zum Gehirntraining auf das Beste geeignet, die geistige Fitness zu erhalten und zu steigern.<\/p>\n<p>Man kann dieses Buch allein bearbeiten, aber auch zusammen mit einem Partner etwa. Spa\u00df machen wird es so oder so.<\/p>\n","protected":false},"excerpt":{"rendered":"<p>&nbsp; &nbsp; Irina Bosley, IQ- Training f\u00fcr die Generation 55 plus, Verlag Modernes Lernen 2015, ISBN 978-3-8080-0753-2 &nbsp; &nbsp; Die Aussichten f\u00fcr jemand, der heute 55 Jahr und \u00e4lter ist, in sp\u00e4teren Jahren an irgendeiner der vielen Formen von Demenz zu erkranken, steigen mit jedem weiteren Lebensjahr rasant. Entsprechend nimmt auch langsam die Angst bei &hellip; <a href=\"https:\/\/blog.liesdoch.de\/?p=453\" class=\"more-link\"><span class=\"screen-reader-text\">IQ- Training f\u00fcr die Generation 55 plus,<\/span> weiterlesen <span class=\"meta-nav\">&rarr;<\/span><\/a><\/p>\n","protected":false},"author":6,"featured_media":0,"comment_status":"open","ping_status":"open","sticky":false,"template":"","format":"standard","meta":{"footnotes":""},"categories":[1],"tags":[176],"class_list":["post-453","post","type-post","status-publish","format-standard","hentry","category-allgemein","tag-iq-training"],"_links":{"self":[{"href":"https:\/\/blog.liesdoch.de\/index.php?rest_route=\/wp\/v2\/posts\/453","targetHints":{"allow":["GET"]}}],"collection":[{"href":"https:\/\/blog.liesdoch.de\/index.php?rest_route=\/wp\/v2\/posts"}],"about":[{"href":"https:\/\/blog.liesdoch.de\/index.php?rest_route=\/wp\/v2\/types\/post"}],"author":[{"embeddable":true,"href":"https:\/\/blog.liesdoch.de\/index.php?rest_route=\/wp\/v2\/users\/6"}],"replies":[{"embeddable":true,"href":"https:\/\/blog.liesdoch.de\/index.php?rest_route=%2Fwp%2Fv2%2Fcomments&post=453"}],"version-history":[{"count":1,"href":"https:\/\/blog.liesdoch.de\/index.php?rest_route=\/wp\/v2\/posts\/453\/revisions"}],"predecessor-version":[{"id":455,"href":"https:\/\/blog.liesdoch.de\/index.php?rest_route=\/wp\/v2\/posts\/453\/revisions\/455"}],"wp:attachment":[{"href":"https:\/\/blog.liesdoch.de\/index.php?rest_route=%2Fwp%2Fv2%2Fmedia&parent=453"}],"wp:term":[{"taxonomy":"category","embeddable":true,"href":"https:\/\/blog.liesdoch.de\/index.php?rest_route=%2Fwp%2Fv2%2Fcategories&post=453"},{"taxonomy":"post_tag","embeddable":true,"href":"https:\/\/blog.liesdoch.de\/index.php?rest_route=%2Fwp%2Fv2%2Ftags&post=453"}],"curies":[{"name":"wp","href":"https:\/\/api.w.org\/{rel}","templated":true}]}}