{"id":4539,"date":"2017-07-03T12:50:53","date_gmt":"2017-07-03T10:50:53","guid":{"rendered":"http:\/\/blog.liesdoch.de\/?p=4539"},"modified":"2017-07-03T12:50:53","modified_gmt":"2017-07-03T10:50:53","slug":"das-land-in-dem-wir-leben-wollen","status":"publish","type":"post","link":"https:\/\/blog.liesdoch.de\/?p=4539","title":{"rendered":"Das Land, in dem wir leben wollen"},"content":{"rendered":"<p>&nbsp;<\/p>\n<p>&nbsp;<\/p>\n<p>&nbsp;<\/p>\n<p><a href=\"http:\/\/blog.liesdoch.de\/wp-content\/uploads\/2017\/07\/47032749z.jpg\"><img loading=\"lazy\" decoding=\"async\" class=\"alignnone size-medium wp-image-4540\" src=\"http:\/\/blog.liesdoch.de\/wp-content\/uploads\/2017\/07\/47032749z-188x300.jpg\" alt=\"\" width=\"188\" height=\"300\" srcset=\"https:\/\/blog.liesdoch.de\/wp-content\/uploads\/2017\/07\/47032749z-188x300.jpg 188w, https:\/\/blog.liesdoch.de\/wp-content\/uploads\/2017\/07\/47032749z.jpg 263w\" sizes=\"auto, (max-width: 188px) 100vw, 188px\" \/><\/a><\/p>\n<p>&nbsp;<\/p>\n<p>&nbsp;<\/p>\n<p>Jutta Allmendinger, Das Land, in dem wir leben wollen, Pantheon 2017, ISBN 978-3-570-55347-3<\/p>\n<p>&nbsp;<\/p>\n<p>\u201eWie die Deutschen sich ihre Zukunft vorstellen.\u201c Dar\u00fcber mehr zu erfahren, als es in herk\u00f6mmlichen Befragungen m\u00f6glich ist, war das Ziel einer von der ZEIT unterst\u00fctzten Befragung von insgesamt 3100 Menschen im Alter zwischen 14 und 80 Jahren in ganz Deutschland. 2015 zum ersten Mal befragt, wurden sie ein Jahr sp\u00e4ter erneut kontaktiert und interviewt.<\/p>\n<p>&nbsp;<\/p>\n<p>Durch eine neue und ungewohnte Fragetechnik ging es nicht nur um aktuelle Einstellungen und\u00a0 Befindlichkeiten wie bei vielen anderen Umfragen, sondern um Vorstellungen\u00a0 und Visionen von Menschen aller Alters- und Bildungsstufen von ihrer eigenen Zukunft, der ihrer Kinder und auch der des ganzen Landes.<\/p>\n<p>&nbsp;<\/p>\n<p>Sehr \u00fcberraschende Erkenntnisse kamen so heraus, die Jutta Allmendinger in diesem Buch beschreibt, das aufgebaut ist wie ein Lesebuch, weil es auf alle demoskopisch-theoretischen Einlassungen verzichtet und nur sehr wenige Anmerkungen im Anhang listet.<\/p>\n<p>&nbsp;<\/p>\n<p>Sie fasst zusammen: \u201eDie Menschen in Deutschland bewegen sich. Die meisten sind optimistisch, blicken zu ersichtlich nach vorn und helfen den neu Angekommenen beim Einstieg ins neue Leben. Vielen jedoch rauben Unsicherheit und Angst vor der Zukunft die Kraft zur Ver\u00e4nderung. Sie brauchen Respekt, Rat, Orientierung und helfende H\u00e4nde.\u201c<\/p>\n<p>&nbsp;<\/p>\n<p>Diese H\u00e4nde, so sagt sie, m\u00fcssten vor allem die austrecken, \u201e die in den Ressorts die Weichen stellen und die bei gen\u00fcgend gro\u00dfem Handlungsspielraum wirklich helfen.\u201c<\/p>\n<p>&nbsp;<\/p>\n<p>Eine gro\u00dfe Aufgabe nicht nur f\u00fcr die neue Regierung nach der Wahl im September, sondern f\u00fcr alle nachgeordneten Stellen und Verwaltungen, und f\u00fcr die mit den konkreten Menschen in ihren Sorgen und N\u00f6ten befassten Menschen.<\/p>\n","protected":false},"excerpt":{"rendered":"<p>&nbsp; &nbsp; &nbsp; &nbsp; &nbsp; Jutta Allmendinger, Das Land, in dem wir leben wollen, Pantheon 2017, ISBN 978-3-570-55347-3 &nbsp; \u201eWie die Deutschen sich ihre Zukunft vorstellen.\u201c Dar\u00fcber mehr zu erfahren, als es in herk\u00f6mmlichen Befragungen m\u00f6glich ist, war das Ziel einer von der ZEIT unterst\u00fctzten Befragung von insgesamt 3100 Menschen im Alter zwischen 14 und &hellip; <a href=\"https:\/\/blog.liesdoch.de\/?p=4539\" class=\"more-link\"><span class=\"screen-reader-text\">Das Land, in dem wir leben wollen<\/span> weiterlesen <span class=\"meta-nav\">&rarr;<\/span><\/a><\/p>\n","protected":false},"author":6,"featured_media":0,"comment_status":"closed","ping_status":"open","sticky":false,"template":"","format":"standard","meta":{"footnotes":""},"categories":[1],"tags":[],"class_list":["post-4539","post","type-post","status-publish","format-standard","hentry","category-allgemein"],"_links":{"self":[{"href":"https:\/\/blog.liesdoch.de\/index.php?rest_route=\/wp\/v2\/posts\/4539","targetHints":{"allow":["GET"]}}],"collection":[{"href":"https:\/\/blog.liesdoch.de\/index.php?rest_route=\/wp\/v2\/posts"}],"about":[{"href":"https:\/\/blog.liesdoch.de\/index.php?rest_route=\/wp\/v2\/types\/post"}],"author":[{"embeddable":true,"href":"https:\/\/blog.liesdoch.de\/index.php?rest_route=\/wp\/v2\/users\/6"}],"replies":[{"embeddable":true,"href":"https:\/\/blog.liesdoch.de\/index.php?rest_route=%2Fwp%2Fv2%2Fcomments&post=4539"}],"version-history":[{"count":1,"href":"https:\/\/blog.liesdoch.de\/index.php?rest_route=\/wp\/v2\/posts\/4539\/revisions"}],"predecessor-version":[{"id":4541,"href":"https:\/\/blog.liesdoch.de\/index.php?rest_route=\/wp\/v2\/posts\/4539\/revisions\/4541"}],"wp:attachment":[{"href":"https:\/\/blog.liesdoch.de\/index.php?rest_route=%2Fwp%2Fv2%2Fmedia&parent=4539"}],"wp:term":[{"taxonomy":"category","embeddable":true,"href":"https:\/\/blog.liesdoch.de\/index.php?rest_route=%2Fwp%2Fv2%2Fcategories&post=4539"},{"taxonomy":"post_tag","embeddable":true,"href":"https:\/\/blog.liesdoch.de\/index.php?rest_route=%2Fwp%2Fv2%2Ftags&post=4539"}],"curies":[{"name":"wp","href":"https:\/\/api.w.org\/{rel}","templated":true}]}}