{"id":4558,"date":"2017-07-04T12:15:21","date_gmt":"2017-07-04T10:15:21","guid":{"rendered":"http:\/\/blog.liesdoch.de\/?p=4558"},"modified":"2017-07-04T12:15:21","modified_gmt":"2017-07-04T10:15:21","slug":"der-draghi-crash","status":"publish","type":"post","link":"https:\/\/blog.liesdoch.de\/?p=4558","title":{"rendered":"Der Draghi-Crash"},"content":{"rendered":"<p>&nbsp;<\/p>\n<p>&nbsp;<\/p>\n<p>&nbsp;<\/p>\n<p>&nbsp;<\/p>\n<p><a href=\"http:\/\/blog.liesdoch.de\/wp-content\/uploads\/2017\/07\/48129499z.jpg\"><img loading=\"lazy\" decoding=\"async\" class=\"alignnone size-medium wp-image-4559\" src=\"http:\/\/blog.liesdoch.de\/wp-content\/uploads\/2017\/07\/48129499z-193x300.jpg\" alt=\"\" width=\"193\" height=\"300\" srcset=\"https:\/\/blog.liesdoch.de\/wp-content\/uploads\/2017\/07\/48129499z-193x300.jpg 193w, https:\/\/blog.liesdoch.de\/wp-content\/uploads\/2017\/07\/48129499z.jpg 270w\" sizes=\"auto, (max-width: 193px) 100vw, 193px\" \/><\/a><\/p>\n<p>&nbsp;<\/p>\n<p>Markus Krall, Der Draghi-Crash, Finanzbuchverlag 2017, ISBN 978-3-95972-072-4<\/p>\n<p>&nbsp;<\/p>\n<p>Der Autor dieses Buches, Markus Krall, ist ein erfahrener Insider, der bei Firmen wie McKinsey, Oliver Wyman oder BCG Jahre lang als Berater in leitender Funktion t\u00e4tig war. Er wei\u00df also, wovon er schreibt, weil er sich in der Sache bestens auskennt. Er hat die Auswirkungen der Nullzinspolitik der EZB und von Mario Draghi, um die es in diesem Buch geht, dort beobachtet, wo sie die gr\u00f6\u00dften Auswirkungen hat und wo sie auch die schwersten Sch\u00e4den sorgen wird: bei den Finanzmarktakteuren.<\/p>\n<p>&nbsp;<\/p>\n<p>Doch, wie Markus Krall immer wieder betont, werden sich die Sch\u00e4den nicht nur\u00a0\u00a0 auf die Banken oder Versicherer beschr\u00e4nken. Die Sch\u00e4den, die die Gesellschaft und dort insbesondere der Mittelstand jetzt schon beklagt, sind immens. Lediglich eine kleine Minderheit von Superreichen profitiert.<\/p>\n<p>&nbsp;<\/p>\n<p>Er selbst glaubt nicht an ein Umsteuern der EZB. Auch die vielen am Anfang des Buches und auf der hinteren Umschlagsseite zitierten zustimmenden Stimmen von Fachleuten offenbaren eine gro\u00dfe Skepsis in dieser Richtung.<\/p>\n<p>&nbsp;<\/p>\n<p>Und so dient das Buch dazu, dem Leser einmal mehr verdeutlicht zu haben, wohin diese EZB-Politik f\u00fchrt und wie aussichtlos eigentlich die Hoffnung auf eine schnelle Ver\u00e4nderung ist.<\/p>\n<p>&nbsp;<\/p>\n<p>&nbsp;<\/p>\n","protected":false},"excerpt":{"rendered":"<p>&nbsp; &nbsp; &nbsp; &nbsp; &nbsp; Markus Krall, Der Draghi-Crash, Finanzbuchverlag 2017, ISBN 978-3-95972-072-4 &nbsp; Der Autor dieses Buches, Markus Krall, ist ein erfahrener Insider, der bei Firmen wie McKinsey, Oliver Wyman oder BCG Jahre lang als Berater in leitender Funktion t\u00e4tig war. Er wei\u00df also, wovon er schreibt, weil er sich in der Sache bestens &hellip; <a href=\"https:\/\/blog.liesdoch.de\/?p=4558\" class=\"more-link\"><span class=\"screen-reader-text\">Der Draghi-Crash<\/span> weiterlesen <span class=\"meta-nav\">&rarr;<\/span><\/a><\/p>\n","protected":false},"author":6,"featured_media":0,"comment_status":"closed","ping_status":"open","sticky":false,"template":"","format":"standard","meta":{"footnotes":""},"categories":[1],"tags":[],"class_list":["post-4558","post","type-post","status-publish","format-standard","hentry","category-allgemein"],"_links":{"self":[{"href":"https:\/\/blog.liesdoch.de\/index.php?rest_route=\/wp\/v2\/posts\/4558","targetHints":{"allow":["GET"]}}],"collection":[{"href":"https:\/\/blog.liesdoch.de\/index.php?rest_route=\/wp\/v2\/posts"}],"about":[{"href":"https:\/\/blog.liesdoch.de\/index.php?rest_route=\/wp\/v2\/types\/post"}],"author":[{"embeddable":true,"href":"https:\/\/blog.liesdoch.de\/index.php?rest_route=\/wp\/v2\/users\/6"}],"replies":[{"embeddable":true,"href":"https:\/\/blog.liesdoch.de\/index.php?rest_route=%2Fwp%2Fv2%2Fcomments&post=4558"}],"version-history":[{"count":1,"href":"https:\/\/blog.liesdoch.de\/index.php?rest_route=\/wp\/v2\/posts\/4558\/revisions"}],"predecessor-version":[{"id":4560,"href":"https:\/\/blog.liesdoch.de\/index.php?rest_route=\/wp\/v2\/posts\/4558\/revisions\/4560"}],"wp:attachment":[{"href":"https:\/\/blog.liesdoch.de\/index.php?rest_route=%2Fwp%2Fv2%2Fmedia&parent=4558"}],"wp:term":[{"taxonomy":"category","embeddable":true,"href":"https:\/\/blog.liesdoch.de\/index.php?rest_route=%2Fwp%2Fv2%2Fcategories&post=4558"},{"taxonomy":"post_tag","embeddable":true,"href":"https:\/\/blog.liesdoch.de\/index.php?rest_route=%2Fwp%2Fv2%2Ftags&post=4558"}],"curies":[{"name":"wp","href":"https:\/\/api.w.org\/{rel}","templated":true}]}}