{"id":4564,"date":"2017-07-04T12:16:33","date_gmt":"2017-07-04T10:16:33","guid":{"rendered":"http:\/\/blog.liesdoch.de\/?p=4564"},"modified":"2017-07-04T12:16:33","modified_gmt":"2017-07-04T10:16:33","slug":"das-grosse-wimmel-liederbuch-fuer-alle-jahreszeiten","status":"publish","type":"post","link":"https:\/\/blog.liesdoch.de\/?p=4564","title":{"rendered":"Das grosse Wimmel-Liederbuch f\u00fcr alle Jahreszeiten"},"content":{"rendered":"<p>&nbsp;<\/p>\n<p>&nbsp;<\/p>\n<p>&nbsp;<\/p>\n<p>&nbsp;<\/p>\n<p><a href=\"http:\/\/blog.liesdoch.de\/wp-content\/uploads\/2017\/07\/44906926z.jpg\"><img loading=\"lazy\" decoding=\"async\" class=\"alignnone size-medium wp-image-4565\" src=\"http:\/\/blog.liesdoch.de\/wp-content\/uploads\/2017\/07\/44906926z-232x300.jpg\" alt=\"\" width=\"232\" height=\"300\" srcset=\"https:\/\/blog.liesdoch.de\/wp-content\/uploads\/2017\/07\/44906926z-232x300.jpg 232w, https:\/\/blog.liesdoch.de\/wp-content\/uploads\/2017\/07\/44906926z.jpg 325w\" sizes=\"auto, (max-width: 232px) 100vw, 232px\" \/><\/a><\/p>\n<p>&nbsp;<\/p>\n<p>Rotraut Susanne Berner, Das grosse Wimmel-Liederbuch f\u00fcr alle Jahreszeiten, Gerstenberg 2016, ISBN 978-3-8369-5923-0<\/p>\n<p>&nbsp;<\/p>\n<p>Unz\u00e4hlige Kinder haben in den vergangenen Jahren unendlich profitiert von den Wimmelb\u00fcchern von Rotraut Susanne Berner, in der sie im Fr\u00fchling, im Sommer, im Herbst und im Winter, sowie in einem Buch in der Nacht, Szenen aus Wimmlingen darstellte ohne Text, daf\u00fcr aber mit wiederkehrenden Figuren, \u00fcber die sie im Laufe des Jahres sch\u00f6ne Geschichten erz\u00e4hlt, bei deren Entdeckung und Entschl\u00fcsselung unser Sohn zwischen seinem zweiten und seinem f\u00fcnften Lebensjahr gro\u00dfe Freude hatte.<\/p>\n<p>&nbsp;<\/p>\n<p>Nun haben Ebi Naumann mit lustigen Texten und Wolfgang von Henko mit einer abwechslungsreichen und Kinder sehr ansprechenden Musik Lieder gemacht zu den Figuren aus Wimmlingen und dem Geschehen dort. Rotraut Susanne Berner hat neben einigen Bildern aus den bekannten Wimmelb\u00fcchern auch einige neue Illustrationen beigesteuert.<\/p>\n<p>&nbsp;<\/p>\n<p>In insgesamt 15 Liedern geht es mit vielen Geschichten durch alle Jahreszeiten. Eine CD mit allen Liedern des Buches ist separat erh\u00e4ltlich.<\/p>\n","protected":false},"excerpt":{"rendered":"<p>&nbsp; &nbsp; &nbsp; &nbsp; &nbsp; Rotraut Susanne Berner, Das grosse Wimmel-Liederbuch f\u00fcr alle Jahreszeiten, Gerstenberg 2016, ISBN 978-3-8369-5923-0 &nbsp; Unz\u00e4hlige Kinder haben in den vergangenen Jahren unendlich profitiert von den Wimmelb\u00fcchern von Rotraut Susanne Berner, in der sie im Fr\u00fchling, im Sommer, im Herbst und im Winter, sowie in einem Buch in der Nacht, Szenen &hellip; <a href=\"https:\/\/blog.liesdoch.de\/?p=4564\" class=\"more-link\"><span class=\"screen-reader-text\">Das grosse Wimmel-Liederbuch f\u00fcr alle Jahreszeiten<\/span> weiterlesen <span class=\"meta-nav\">&rarr;<\/span><\/a><\/p>\n","protected":false},"author":6,"featured_media":0,"comment_status":"closed","ping_status":"open","sticky":false,"template":"","format":"standard","meta":{"footnotes":""},"categories":[1],"tags":[],"class_list":["post-4564","post","type-post","status-publish","format-standard","hentry","category-allgemein"],"_links":{"self":[{"href":"https:\/\/blog.liesdoch.de\/index.php?rest_route=\/wp\/v2\/posts\/4564","targetHints":{"allow":["GET"]}}],"collection":[{"href":"https:\/\/blog.liesdoch.de\/index.php?rest_route=\/wp\/v2\/posts"}],"about":[{"href":"https:\/\/blog.liesdoch.de\/index.php?rest_route=\/wp\/v2\/types\/post"}],"author":[{"embeddable":true,"href":"https:\/\/blog.liesdoch.de\/index.php?rest_route=\/wp\/v2\/users\/6"}],"replies":[{"embeddable":true,"href":"https:\/\/blog.liesdoch.de\/index.php?rest_route=%2Fwp%2Fv2%2Fcomments&post=4564"}],"version-history":[{"count":1,"href":"https:\/\/blog.liesdoch.de\/index.php?rest_route=\/wp\/v2\/posts\/4564\/revisions"}],"predecessor-version":[{"id":4566,"href":"https:\/\/blog.liesdoch.de\/index.php?rest_route=\/wp\/v2\/posts\/4564\/revisions\/4566"}],"wp:attachment":[{"href":"https:\/\/blog.liesdoch.de\/index.php?rest_route=%2Fwp%2Fv2%2Fmedia&parent=4564"}],"wp:term":[{"taxonomy":"category","embeddable":true,"href":"https:\/\/blog.liesdoch.de\/index.php?rest_route=%2Fwp%2Fv2%2Fcategories&post=4564"},{"taxonomy":"post_tag","embeddable":true,"href":"https:\/\/blog.liesdoch.de\/index.php?rest_route=%2Fwp%2Fv2%2Ftags&post=4564"}],"curies":[{"name":"wp","href":"https:\/\/api.w.org\/{rel}","templated":true}]}}