{"id":4567,"date":"2017-07-04T12:17:09","date_gmt":"2017-07-04T10:17:09","guid":{"rendered":"http:\/\/blog.liesdoch.de\/?p=4567"},"modified":"2017-07-04T12:17:09","modified_gmt":"2017-07-04T10:17:09","slug":"eddy-der-elefant-der-lieber-klein-bleiben-wollte","status":"publish","type":"post","link":"https:\/\/blog.liesdoch.de\/?p=4567","title":{"rendered":"Eddy. Der Elefant, der lieber klein bleiben wollte"},"content":{"rendered":"<p>&nbsp;<\/p>\n<p>&nbsp;<\/p>\n<p>&nbsp;<\/p>\n<p><a href=\"http:\/\/blog.liesdoch.de\/wp-content\/uploads\/2017\/07\/47022071z.jpg\"><img loading=\"lazy\" decoding=\"async\" class=\"alignnone size-medium wp-image-4568\" src=\"http:\/\/blog.liesdoch.de\/wp-content\/uploads\/2017\/07\/47022071z-228x300.jpg\" alt=\"\" width=\"228\" height=\"300\" srcset=\"https:\/\/blog.liesdoch.de\/wp-content\/uploads\/2017\/07\/47022071z-228x300.jpg 228w, https:\/\/blog.liesdoch.de\/wp-content\/uploads\/2017\/07\/47022071z.jpg 319w\" sizes=\"auto, (max-width: 228px) 100vw, 228px\" \/><\/a><\/p>\n<p>&nbsp;<\/p>\n<p>&nbsp;<\/p>\n<p>Hans Traxler, Eddy. Der Elefant, der lieber klein bleiben wollte, Hanser 2017, ISBN 978-3-446-25491-6<\/p>\n<p>&nbsp;<\/p>\n<p>Nach seinen wunderbaren Bilderb\u00fcchern \u00fcber Franz, den Jungen, der rein Murmeltier sein wollte, Will, den Kater, der immer gr\u00f6\u00dfer wurde und Sofie mit dem gro\u00dfen Horn, hat Hans Traxler nun ein weiteres warmherzig geschriebenes und illustriertes Bilderbuch vorgelegt. Es erz\u00e4hlt die Geschichte von Eddy, einem kleinen Elefanten, der zu Beginn des Buches gerade mal drei Wochenalt ist. Er f\u00fchlt sich in seiner Herde besch\u00fctzt und beh\u00fctet. Tags\u00fcber tollt er herum und hat Spa\u00df, in der Nacht schl\u00e4ft er sicher und geborgen, umringt von den gro\u00dfen Tieren. Doch seine unbeschwerte Fr\u00f6hlichkeit ist wie weggeblasen, nachdem er eines Tages eine alte Elefantenkuh unter einem Baum legen sieht, deren Sto\u00dfz\u00e4hne von Wilderen abgeschnitten wurden. Er kann\u00a0 dieses Bild nicht mehr vergessen und beschlie\u00dft, niemals erwachsen zu werden. Er l\u00e4uft weg und landet schlie\u00dflich in einer Aufzuchtstation f\u00fcr Elefanten.<\/p>\n<p>&nbsp;<\/p>\n<p>Hier macht er eine abenteuerliche Erfahrung, die ihm hilft, neuen Mut zu finden und vielleicht doch ein Gro\u00dfer zu werden.<\/p>\n<p>&nbsp;<\/p>\n<p>Traxler erz\u00e4hlt den Kindern, die das Buch anschauen, von dem Mut den man braucht, um erwachsen zu werden. Doch man muss diesen Mut finden und behalten durch so manches Abenteuer hindurch. Abenteuer die einen klein werden lassen und Abenteuer, die einen wieder gro\u00df werden lassen. Kinder werden diesen Eddy\u00a0 ganz schnell in ihr Herz schlie\u00dfen und sich zusammen mit ihren vorlesenden Eltern von seiner Geschichte ber\u00fchren lassen.<\/p>\n<p>&nbsp;<\/p>\n<p>&nbsp;<\/p>\n<p>&nbsp;<\/p>\n<p>&nbsp;<\/p>\n","protected":false},"excerpt":{"rendered":"<p>&nbsp; &nbsp; &nbsp; &nbsp; &nbsp; Hans Traxler, Eddy. Der Elefant, der lieber klein bleiben wollte, Hanser 2017, ISBN 978-3-446-25491-6 &nbsp; Nach seinen wunderbaren Bilderb\u00fcchern \u00fcber Franz, den Jungen, der rein Murmeltier sein wollte, Will, den Kater, der immer gr\u00f6\u00dfer wurde und Sofie mit dem gro\u00dfen Horn, hat Hans Traxler nun ein weiteres warmherzig geschriebenes und &hellip; <a href=\"https:\/\/blog.liesdoch.de\/?p=4567\" class=\"more-link\"><span class=\"screen-reader-text\">Eddy. Der Elefant, der lieber klein bleiben wollte<\/span> weiterlesen <span class=\"meta-nav\">&rarr;<\/span><\/a><\/p>\n","protected":false},"author":6,"featured_media":0,"comment_status":"closed","ping_status":"open","sticky":false,"template":"","format":"standard","meta":{"footnotes":""},"categories":[1],"tags":[],"class_list":["post-4567","post","type-post","status-publish","format-standard","hentry","category-allgemein"],"_links":{"self":[{"href":"https:\/\/blog.liesdoch.de\/index.php?rest_route=\/wp\/v2\/posts\/4567","targetHints":{"allow":["GET"]}}],"collection":[{"href":"https:\/\/blog.liesdoch.de\/index.php?rest_route=\/wp\/v2\/posts"}],"about":[{"href":"https:\/\/blog.liesdoch.de\/index.php?rest_route=\/wp\/v2\/types\/post"}],"author":[{"embeddable":true,"href":"https:\/\/blog.liesdoch.de\/index.php?rest_route=\/wp\/v2\/users\/6"}],"replies":[{"embeddable":true,"href":"https:\/\/blog.liesdoch.de\/index.php?rest_route=%2Fwp%2Fv2%2Fcomments&post=4567"}],"version-history":[{"count":1,"href":"https:\/\/blog.liesdoch.de\/index.php?rest_route=\/wp\/v2\/posts\/4567\/revisions"}],"predecessor-version":[{"id":4569,"href":"https:\/\/blog.liesdoch.de\/index.php?rest_route=\/wp\/v2\/posts\/4567\/revisions\/4569"}],"wp:attachment":[{"href":"https:\/\/blog.liesdoch.de\/index.php?rest_route=%2Fwp%2Fv2%2Fmedia&parent=4567"}],"wp:term":[{"taxonomy":"category","embeddable":true,"href":"https:\/\/blog.liesdoch.de\/index.php?rest_route=%2Fwp%2Fv2%2Fcategories&post=4567"},{"taxonomy":"post_tag","embeddable":true,"href":"https:\/\/blog.liesdoch.de\/index.php?rest_route=%2Fwp%2Fv2%2Ftags&post=4567"}],"curies":[{"name":"wp","href":"https:\/\/api.w.org\/{rel}","templated":true}]}}