{"id":457,"date":"2015-09-04T08:03:59","date_gmt":"2015-09-04T06:03:59","guid":{"rendered":"http:\/\/blog.liesdoch.de\/?p=457"},"modified":"2015-09-04T08:03:59","modified_gmt":"2015-09-04T06:03:59","slug":"demenz-angehoerige-erzaehlen","status":"publish","type":"post","link":"https:\/\/blog.liesdoch.de\/?p=457","title":{"rendered":"Demenz. Angeh\u00f6rige erz\u00e4hlen"},"content":{"rendered":"<p>&nbsp;<\/p>\n<p>&nbsp;<\/p>\n<p>&nbsp;<\/p>\n<p><a href=\"http:\/\/blog.liesdoch.de\/wp-content\/uploads\/2015\/09\/41881874z.jpg\"><img loading=\"lazy\" decoding=\"async\" class=\"alignnone size-medium wp-image-458\" src=\"http:\/\/blog.liesdoch.de\/wp-content\/uploads\/2015\/09\/41881874z-190x300.jpg\" alt=\"41881874z\" width=\"190\" height=\"300\" srcset=\"https:\/\/blog.liesdoch.de\/wp-content\/uploads\/2015\/09\/41881874z-190x300.jpg 190w, https:\/\/blog.liesdoch.de\/wp-content\/uploads\/2015\/09\/41881874z.jpg 266w\" sizes=\"auto, (max-width: 190px) 100vw, 190px\" \/><\/a><\/p>\n<p>&nbsp;<\/p>\n<p>Ute Dahmen, Demenz. Angeh\u00f6rige erz\u00e4hlen, Singliesel 2015, ISBN 978-3-944360-82-9<\/p>\n<p>&nbsp;<\/p>\n<p>Es sind immer mehr Menschen, die mit der Begleitung und Betreuung eines demenzkranken Angeh\u00f6rigen konfrontiert sind. Sie empfinden es meistens als extrem belastend.<\/p>\n<p>Viele Ratgeber versuchen, den betroffenen Angeh\u00f6rigen und Pflegenden mit Rat und Tat zur Seite zu stehen, doch oft hilft es am besten, zu erfahren und zu h\u00f6ren, dass es anderen Menschen ebenso geht. Dass mein Vater nicht der Einzige ist, der die Plastikblumen gie\u00dft. Und dass ich nicht die Einzige bin, die auszurasten droht, wenn die eigene Mutter zum zehnten Mal innerhalb kurzer Zeit dieselbe Frage stellt.<\/p>\n<p>Dieses Buch will dazu beitragen dass betroffenen Angeh\u00f6rige und Pflegende mehr voneinander erfahren. Es will einen Raum schaffen f\u00fcr all die kleinen und gro\u00dfe Geschichten, die Menschen erleben, die Betroffene begleiten. Und das sind neben schmerzlichen Erfahrungen immer auch r\u00fchrende, ja komische Geschichten, die sp\u00fcren lassen, dass der Umgang mit Demenzkranken nicht nur eine Last, sondern, manchmal jedenfalls, auch eine Bereicherung sein kann.<\/p>\n<p>Ein hilfreiches Buch, das den heute Gesunden vielleicht auch ein St\u00fcck weit die Angst nehmen kann vor der Zeit, in der sie selbst vielleicht so weit sind \u2026.<\/p>\n<p>&nbsp;<\/p>\n<p>&nbsp;<\/p>\n","protected":false},"excerpt":{"rendered":"<p>&nbsp; &nbsp; &nbsp; &nbsp; Ute Dahmen, Demenz. Angeh\u00f6rige erz\u00e4hlen, Singliesel 2015, ISBN 978-3-944360-82-9 &nbsp; Es sind immer mehr Menschen, die mit der Begleitung und Betreuung eines demenzkranken Angeh\u00f6rigen konfrontiert sind. Sie empfinden es meistens als extrem belastend. Viele Ratgeber versuchen, den betroffenen Angeh\u00f6rigen und Pflegenden mit Rat und Tat zur Seite zu stehen, doch oft &hellip; <a href=\"https:\/\/blog.liesdoch.de\/?p=457\" class=\"more-link\"><span class=\"screen-reader-text\">Demenz. Angeh\u00f6rige erz\u00e4hlen<\/span> weiterlesen <span class=\"meta-nav\">&rarr;<\/span><\/a><\/p>\n","protected":false},"author":6,"featured_media":0,"comment_status":"open","ping_status":"open","sticky":false,"template":"","format":"standard","meta":{"footnotes":""},"categories":[1],"tags":[177],"class_list":["post-457","post","type-post","status-publish","format-standard","hentry","category-allgemein","tag-demenz"],"_links":{"self":[{"href":"https:\/\/blog.liesdoch.de\/index.php?rest_route=\/wp\/v2\/posts\/457","targetHints":{"allow":["GET"]}}],"collection":[{"href":"https:\/\/blog.liesdoch.de\/index.php?rest_route=\/wp\/v2\/posts"}],"about":[{"href":"https:\/\/blog.liesdoch.de\/index.php?rest_route=\/wp\/v2\/types\/post"}],"author":[{"embeddable":true,"href":"https:\/\/blog.liesdoch.de\/index.php?rest_route=\/wp\/v2\/users\/6"}],"replies":[{"embeddable":true,"href":"https:\/\/blog.liesdoch.de\/index.php?rest_route=%2Fwp%2Fv2%2Fcomments&post=457"}],"version-history":[{"count":1,"href":"https:\/\/blog.liesdoch.de\/index.php?rest_route=\/wp\/v2\/posts\/457\/revisions"}],"predecessor-version":[{"id":459,"href":"https:\/\/blog.liesdoch.de\/index.php?rest_route=\/wp\/v2\/posts\/457\/revisions\/459"}],"wp:attachment":[{"href":"https:\/\/blog.liesdoch.de\/index.php?rest_route=%2Fwp%2Fv2%2Fmedia&parent=457"}],"wp:term":[{"taxonomy":"category","embeddable":true,"href":"https:\/\/blog.liesdoch.de\/index.php?rest_route=%2Fwp%2Fv2%2Fcategories&post=457"},{"taxonomy":"post_tag","embeddable":true,"href":"https:\/\/blog.liesdoch.de\/index.php?rest_route=%2Fwp%2Fv2%2Ftags&post=457"}],"curies":[{"name":"wp","href":"https:\/\/api.w.org\/{rel}","templated":true}]}}