{"id":4585,"date":"2017-07-07T09:59:37","date_gmt":"2017-07-07T07:59:37","guid":{"rendered":"http:\/\/blog.liesdoch.de\/?p=4585"},"modified":"2017-07-07T09:59:37","modified_gmt":"2017-07-07T07:59:37","slug":"ueber-grenzen-vom-untergrund-in-die-favela","status":"publish","type":"post","link":"https:\/\/blog.liesdoch.de\/?p=4585","title":{"rendered":"\u00dcber Grenzen. Vom Untergrund in die Favela"},"content":{"rendered":"<p>&nbsp;<\/p>\n<p>&nbsp;<\/p>\n<p>&nbsp;<\/p>\n<p>&nbsp;<\/p>\n<p><a href=\"http:\/\/blog.liesdoch.de\/wp-content\/uploads\/2017\/07\/47157578z.jpg\"><img loading=\"lazy\" decoding=\"async\" class=\"alignnone size-medium wp-image-4586\" src=\"http:\/\/blog.liesdoch.de\/wp-content\/uploads\/2017\/07\/47157578z-181x300.jpg\" alt=\"\" width=\"181\" height=\"300\" srcset=\"https:\/\/blog.liesdoch.de\/wp-content\/uploads\/2017\/07\/47157578z-181x300.jpg 181w, https:\/\/blog.liesdoch.de\/wp-content\/uploads\/2017\/07\/47157578z.jpg 253w\" sizes=\"auto, (max-width: 181px) 100vw, 181px\" \/><\/a><\/p>\n<p>&nbsp;<\/p>\n<p>Lutz Taufer, \u00dcber Grenzen. Vom Untergrund in die Favela, Assoziation A 2017, ISBN 978-3-86241-457-4<\/p>\n<p>&nbsp;<\/p>\n<p>Dieses ehrliche und radikale literarische Selbstzeugnis von Lutz Taufer ist ein wichtiges Dokument der Zeit- und Widerstandsgeschichte der alten BRD zwischen 1960 und 1980. Das ehemalige und zu eine langen 20-j\u00e4hrigen Haft verurteilte RAF-Mitglied Lutz Taufer beschreibt darin seinen einer permanenten Suchbewegung gleichenden Lebensweg, der ihn aus den ersten Protesten in der badischen Provinz in Freiburg zum Sozialistischen Patientenkollektiv in Heidelberg f\u00fchre, bevor er als Mitglied des Kommandos Holger Meins der RAF verhaftet und zu 20 Jahren verurteilt wurde. Er beschreibt schonungslos seine Haft, seine zahlreichen Hungerstreiks und dann seine Basisarbeit in den Favelas von Rio de Janeiro nach seiner Freilassung.<\/p>\n<p>&nbsp;<\/p>\n<p>Es ist ein Leben in verschiedenen Zusammenh\u00e4ngen der linksradikalen Geschichte des Landes, ein Dokument, das nichts sch\u00f6nredet, sich mit gemachten Fehlern schonungslos auseinandersetzt und so zu einem wichtigen Werk der Protestgeschichte der 1960 bis 1980 er Jahre wird.<\/p>\n<p>&nbsp;<\/p>\n<p>Selten hat man von einem ehemaligen RAF-Mitglied eine ehrlichere Auseinandersetzung gelesen \u00fcber die Zerst\u00f6rung des einst emanzipatorischen Anspruchs durch ma\u00dflose und gegen unschuldige Menschen gerichtete Gewalt. Aber auch die extreme Repression in der Haft wird von Taufer in einer so vorher nicht gekannten Dichte beschrieben.<\/p>\n<p>&nbsp;<\/p>\n<p>Die Emigration nach Brasilien und sein Engagement in den Favelas und seine Arbeit im Vorstand des Weltfriedensdienstes, die er anschaulich beschreibt, haben nicht nur seinem Leben einen neuen Sinn gegeben, sondern zeigen dem Leser, dass ein Mensch sich \u00e4ndern kann ohne seine Grundprinzipien aufzugeben.<\/p>\n<p>&nbsp;<\/p>\n<p>Ein wichtiges Zeitdokument und ein herausragendes Beispiel an biographischer Genauigkeit und kritischer Selbstreflexion.<\/p>\n<p>&nbsp;<\/p>\n<p>&nbsp;<\/p>\n","protected":false},"excerpt":{"rendered":"<p>&nbsp; &nbsp; &nbsp; &nbsp; &nbsp; Lutz Taufer, \u00dcber Grenzen. Vom Untergrund in die Favela, Assoziation A 2017, ISBN 978-3-86241-457-4 &nbsp; Dieses ehrliche und radikale literarische Selbstzeugnis von Lutz Taufer ist ein wichtiges Dokument der Zeit- und Widerstandsgeschichte der alten BRD zwischen 1960 und 1980. Das ehemalige und zu eine langen 20-j\u00e4hrigen Haft verurteilte RAF-Mitglied Lutz &hellip; <a href=\"https:\/\/blog.liesdoch.de\/?p=4585\" class=\"more-link\"><span class=\"screen-reader-text\">\u00dcber Grenzen. Vom Untergrund in die Favela<\/span> weiterlesen <span class=\"meta-nav\">&rarr;<\/span><\/a><\/p>\n","protected":false},"author":6,"featured_media":0,"comment_status":"closed","ping_status":"open","sticky":false,"template":"","format":"standard","meta":{"footnotes":""},"categories":[1],"tags":[],"class_list":["post-4585","post","type-post","status-publish","format-standard","hentry","category-allgemein"],"_links":{"self":[{"href":"https:\/\/blog.liesdoch.de\/index.php?rest_route=\/wp\/v2\/posts\/4585","targetHints":{"allow":["GET"]}}],"collection":[{"href":"https:\/\/blog.liesdoch.de\/index.php?rest_route=\/wp\/v2\/posts"}],"about":[{"href":"https:\/\/blog.liesdoch.de\/index.php?rest_route=\/wp\/v2\/types\/post"}],"author":[{"embeddable":true,"href":"https:\/\/blog.liesdoch.de\/index.php?rest_route=\/wp\/v2\/users\/6"}],"replies":[{"embeddable":true,"href":"https:\/\/blog.liesdoch.de\/index.php?rest_route=%2Fwp%2Fv2%2Fcomments&post=4585"}],"version-history":[{"count":1,"href":"https:\/\/blog.liesdoch.de\/index.php?rest_route=\/wp\/v2\/posts\/4585\/revisions"}],"predecessor-version":[{"id":4587,"href":"https:\/\/blog.liesdoch.de\/index.php?rest_route=\/wp\/v2\/posts\/4585\/revisions\/4587"}],"wp:attachment":[{"href":"https:\/\/blog.liesdoch.de\/index.php?rest_route=%2Fwp%2Fv2%2Fmedia&parent=4585"}],"wp:term":[{"taxonomy":"category","embeddable":true,"href":"https:\/\/blog.liesdoch.de\/index.php?rest_route=%2Fwp%2Fv2%2Fcategories&post=4585"},{"taxonomy":"post_tag","embeddable":true,"href":"https:\/\/blog.liesdoch.de\/index.php?rest_route=%2Fwp%2Fv2%2Ftags&post=4585"}],"curies":[{"name":"wp","href":"https:\/\/api.w.org\/{rel}","templated":true}]}}