{"id":46,"date":"2015-05-26T12:06:44","date_gmt":"2015-05-26T10:06:44","guid":{"rendered":"http:\/\/blog.liesdoch.de\/?p=46"},"modified":"2015-05-26T14:47:19","modified_gmt":"2015-05-26T12:47:19","slug":"strandgut","status":"publish","type":"post","link":"https:\/\/blog.liesdoch.de\/?p=46","title":{"rendered":"Strandgut"},"content":{"rendered":"<p>Gerlinde Kurz, <strong>Strandgut<\/strong><br \/>\nUrachhaus 2015, ISBN 978-3-8251-7919-9<\/p>\n<p>****** = Sechs Sterne!<\/p>\n<p>Der zw\u00f6lfj\u00e4hrige Jakob ist gerade zusammen mit seiner Mutter und deren Freund Jan umgezogen. Ein neues Dorf und eine neue Schule erwarten ihn, der sich im ersten Satz des Buch so vorstellt: &#8222;Mein `M\u00fcssen&#8216; l\u00e4sst mir G\u00e4nsehaut wachsen, von der Sch\u00e4deldecke den Nacken hinunter in die Fingerspitzen, immer weiter, \u00fcberall, genau jetzt, in diesem Moment, bei sengender Hitze.&#8220;<\/p>\n<p>Nach seinem ersten Schultag, bei der er sich in der neuen Klasse recht verloren vorkommt, begegnet er beim Einkaufen der sympathischen Hannah, einem M\u00e4dchen aus seiner Klasse, die ihm gleich positiv aufgefallen war. Auch sie muss f\u00fcr die Schule Materialien besorgen. Sie kommen ins Gespr\u00e4ch und verstehen sich gleich.<\/p>\n<p>Zwei Tage sp\u00e4ter wird die Schule wegen eines grassierenden Magen-Darm \u2013 Virus geschlossen, an dem die meisten Sch\u00fcler erkrankt sind, auch Hannahs Freundin. Hannahs Mutter will ihre Tochter auf eine Nordseeinsel zu ihrer Tante schicken, und weil die Freundin nicht kann, ergibt es sich, dass Jakob sie begleitet.<\/p>\n<p>Als sie dort dann gleich am ersten Tag Stine, die Nachbarin der Tante, im Krankenhaus besuchen, reagiert die v\u00f6llig \u00fcberraschend und redet Jakob mit seinem Namen an, obwohl sie ihn gar nicht kennen kann. Oder doch ?<\/p>\n<p>Jakob ist ohne Vater aufgewachsen. Er kennt ihn nicht und hat nur zwei Dinge von ihm: erstens seinen Namen, Jakob, und zweitens einen Schl\u00fcssel, den er um den Hals tr\u00e4gt, seit er ein kleiner Junge war.<\/p>\n<p>Nun baut Gerlinde Kurz eine spannende Geschichte auf, in der es um Familiengeheimnisse geht, um einen verlorenen Vater und um pers\u00f6nliche Wurzeln. Hannah unterst\u00fctzt Jakob bei seiner Suche, und als die beiden mit Hilfe von Jakobs Schl\u00fcssel in einer alten Kiste, neben vielen Briefen ein Bild eines Mannes entdecken, der Jakob zum Verwechseln \u00e4hnlich sieht, da wird ihm klar, dass auf dieser Nordseeinsel vor langer Zeit Dinge geschehen sein m\u00fcssen, die unmittelbar mit seiner Familie zu tun haben m\u00fcssen\u2026<\/p>\n<p>Das Buch richtet sich an Jugendliche ab elf oder zw\u00f6lf Jahren, doch es ist auch f\u00fcr Erwachsene eine spannende und unterhaltsame Lekt\u00fcre.<\/p>\n<p>&nbsp;<\/p>\n","protected":false},"excerpt":{"rendered":"<p>Gerlinde Kurz, Strandgut Urachhaus 2015, ISBN 978-3-8251-7919-9 ****** = Sechs Sterne! Der zw\u00f6lfj\u00e4hrige Jakob ist gerade zusammen mit seiner Mutter und deren Freund Jan umgezogen. Ein neues Dorf und eine neue Schule erwarten ihn, der sich im ersten Satz des Buch so vorstellt: &#8222;Mein `M\u00fcssen&#8216; l\u00e4sst mir G\u00e4nsehaut wachsen, von der Sch\u00e4deldecke den Nacken hinunter &hellip; <a href=\"https:\/\/blog.liesdoch.de\/?p=46\" class=\"more-link\"><span class=\"screen-reader-text\">Strandgut<\/span> weiterlesen <span class=\"meta-nav\">&rarr;<\/span><\/a><\/p>\n","protected":false},"author":6,"featured_media":50,"comment_status":"open","ping_status":"open","sticky":false,"template":"","format":"standard","meta":{"footnotes":""},"categories":[1],"tags":[12,13,14,11],"class_list":["post-46","post","type-post","status-publish","format-standard","has-post-thumbnail","hentry","category-allgemein","tag-buch","tag-gerlinde-kurz","tag-kurz","tag-strandgut"],"_links":{"self":[{"href":"https:\/\/blog.liesdoch.de\/index.php?rest_route=\/wp\/v2\/posts\/46","targetHints":{"allow":["GET"]}}],"collection":[{"href":"https:\/\/blog.liesdoch.de\/index.php?rest_route=\/wp\/v2\/posts"}],"about":[{"href":"https:\/\/blog.liesdoch.de\/index.php?rest_route=\/wp\/v2\/types\/post"}],"author":[{"embeddable":true,"href":"https:\/\/blog.liesdoch.de\/index.php?rest_route=\/wp\/v2\/users\/6"}],"replies":[{"embeddable":true,"href":"https:\/\/blog.liesdoch.de\/index.php?rest_route=%2Fwp%2Fv2%2Fcomments&post=46"}],"version-history":[{"count":4,"href":"https:\/\/blog.liesdoch.de\/index.php?rest_route=\/wp\/v2\/posts\/46\/revisions"}],"predecessor-version":[{"id":58,"href":"https:\/\/blog.liesdoch.de\/index.php?rest_route=\/wp\/v2\/posts\/46\/revisions\/58"}],"wp:featuredmedia":[{"embeddable":true,"href":"https:\/\/blog.liesdoch.de\/index.php?rest_route=\/wp\/v2\/media\/50"}],"wp:attachment":[{"href":"https:\/\/blog.liesdoch.de\/index.php?rest_route=%2Fwp%2Fv2%2Fmedia&parent=46"}],"wp:term":[{"taxonomy":"category","embeddable":true,"href":"https:\/\/blog.liesdoch.de\/index.php?rest_route=%2Fwp%2Fv2%2Fcategories&post=46"},{"taxonomy":"post_tag","embeddable":true,"href":"https:\/\/blog.liesdoch.de\/index.php?rest_route=%2Fwp%2Fv2%2Ftags&post=46"}],"curies":[{"name":"wp","href":"https:\/\/api.w.org\/{rel}","templated":true}]}}