{"id":4621,"date":"2017-07-18T10:41:05","date_gmt":"2017-07-18T08:41:05","guid":{"rendered":"http:\/\/blog.liesdoch.de\/?p=4621"},"modified":"2017-07-18T10:41:05","modified_gmt":"2017-07-18T08:41:05","slug":"atlas-der-umweltmigration","status":"publish","type":"post","link":"https:\/\/blog.liesdoch.de\/?p=4621","title":{"rendered":"Atlas der Umweltmigration"},"content":{"rendered":"<p><a href=\"http:\/\/blog.liesdoch.de\/wp-content\/uploads\/2017\/07\/47130465z.jpg\"><img loading=\"lazy\" decoding=\"async\" class=\"alignnone size-medium wp-image-4622\" src=\"http:\/\/blog.liesdoch.de\/wp-content\/uploads\/2017\/07\/47130465z-212x300.jpg\" alt=\"\" width=\"212\" height=\"300\" srcset=\"https:\/\/blog.liesdoch.de\/wp-content\/uploads\/2017\/07\/47130465z-212x300.jpg 212w, https:\/\/blog.liesdoch.de\/wp-content\/uploads\/2017\/07\/47130465z.jpg 297w\" sizes=\"auto, (max-width: 212px) 100vw, 212px\" \/><\/a><\/p>\n<p>&nbsp;<\/p>\n<p>Dina Ionesco, , Oekom 2017, ISBN 978-3-86581-837-9<\/p>\n<p>&nbsp;<\/p>\n<p>Dieses f\u00fcr alle in den Fragen der Umwelt, des Klimawandels und der Migration engagierten und politisch und gesellschaftlich verantwortlichen und interessierten Menschen sehr empfehlenswerte Buch, das zun\u00e4chst in England erschienen ist, zeigt verst\u00e4ndlich und anschaulich, dabei wissenschaftlich auf der H\u00f6he der Forschung, warum Menschen fliehen aus ihrer angestammten Heimat. Waren es bisher meist kriegerische Auseinandersetzungen in ihrer Heimat, die Millionen von Menschen zur Flucht trieben (bestes Beispiel in der letzten Zeit ist Syrien), so zeichnet sich schon jetzt deutlich ab, dass in der Zukunft als Folge des Klimawandels mit weiteren Fl\u00fcchtlingsstr\u00f6men bisher ungekannten Ausma\u00dfes zu rechnen sein wird.<\/p>\n<p>&nbsp;<\/p>\n<p>Die Internationale Organisation f\u00fcr Migration hat daf\u00fcr folgende Definition gefunden die auch in diesem Buch verwendet wird:<\/p>\n<p>&#8222;Personen oder Personengruppen, die aufgrund pl\u00f6tzlicher oder fortschreitender deutlicher Ver\u00e4nderungen der ihr Leben beeinflussenden Umwelt- und Lebensbedingungen gezwungen sind oder sich veranlasst sehen, ihr Zuhause zu verlassen, sei es zeitweise oder permanent, und die sich innerhalb ihres Heimatlandes oder \u00fcber dessen Grenzen hinaus bewegen.&#8220;<\/p>\n<p>&nbsp;<\/p>\n<p>Der Atlas zeigt, wie sich die Debatten \u00fcber Umweltmigration entwickelt haben und liefert auch einen \u00dcberblick, wann es in der Vergangenheit zu gr\u00f6\u00dferen Fl\u00fcchtlingswellen und Umsiedlungen auf Grund von Naturkatastrophen kam:<\/p>\n<p>&#8222;Seit 2009 haben durchschnittlich 22,5 Millionen Menschen aufgrund von klima- oder wetterbedingten Katastrophen ihr Zuhause verlassen. Das bedeutet, \u00fcber 80 Prozent aller Vertreibungen werden durch Klimakatastrophen ausgel\u00f6st.&#8220;<\/p>\n<p>&nbsp;<\/p>\n<p>Als L\u00f6sungsansatz schlagen die Autoren neben der Weiterentwicklung schon erfolgreich angewandter Strategien auf nationaler und internationaler Ebene vor, dass sich sowohl nationale Beh\u00f6rden in potentiell gef\u00e4hrdeten Gebieten als auch internationale Akteure besser auf Katastrophenf\u00e4lle vorbereiten.<\/p>\n<p>&nbsp;<\/p>\n<p>Viele Grafiken und Karten machen die zun\u00e4chst un\u00fcbersichtliche\u00a0 Informationsflut durchaus anschaulich, aber man droht, bringt man nicht ein gro\u00dfes Interesse am Thema mit, darin zu ertrinken. Fakt ist und bleibt wohl, dass dieses Thema auf Jahrzehnte auf der politischen Agenda nicht nur unseres Landes bleiben wird. Denn kurzfristige L\u00f6sungen sind in den betroffenen Gebieten nicht in Sicht, wie die gro\u00dfe Zahl von Fl\u00fcchtlingen zeigt, die allein in Afrika im Augenblick sich mehr oder weniger auf die gef\u00e4hrliche Flucht \u00fcber das Mittelmeer vorbereiten.<\/p>\n<p>&nbsp;<\/p>\n<p>Offen bleibt auch, wie die europ\u00e4ischen L\u00e4nder mit diesen extremen Herausforderungen umgehen werden und wie sie sich dadurch ver\u00e4ndern.<\/p>\n<p>&nbsp;<\/p>\n<p>&nbsp;<\/p>\n","protected":false},"excerpt":{"rendered":"<p>&nbsp; Dina Ionesco, , Oekom 2017, ISBN 978-3-86581-837-9 &nbsp; Dieses f\u00fcr alle in den Fragen der Umwelt, des Klimawandels und der Migration engagierten und politisch und gesellschaftlich verantwortlichen und interessierten Menschen sehr empfehlenswerte Buch, das zun\u00e4chst in England erschienen ist, zeigt verst\u00e4ndlich und anschaulich, dabei wissenschaftlich auf der H\u00f6he der Forschung, warum Menschen fliehen aus &hellip; <a href=\"https:\/\/blog.liesdoch.de\/?p=4621\" class=\"more-link\"><span class=\"screen-reader-text\">Atlas der Umweltmigration<\/span> weiterlesen <span class=\"meta-nav\">&rarr;<\/span><\/a><\/p>\n","protected":false},"author":6,"featured_media":0,"comment_status":"closed","ping_status":"open","sticky":false,"template":"","format":"standard","meta":{"footnotes":""},"categories":[1],"tags":[],"class_list":["post-4621","post","type-post","status-publish","format-standard","hentry","category-allgemein"],"_links":{"self":[{"href":"https:\/\/blog.liesdoch.de\/index.php?rest_route=\/wp\/v2\/posts\/4621","targetHints":{"allow":["GET"]}}],"collection":[{"href":"https:\/\/blog.liesdoch.de\/index.php?rest_route=\/wp\/v2\/posts"}],"about":[{"href":"https:\/\/blog.liesdoch.de\/index.php?rest_route=\/wp\/v2\/types\/post"}],"author":[{"embeddable":true,"href":"https:\/\/blog.liesdoch.de\/index.php?rest_route=\/wp\/v2\/users\/6"}],"replies":[{"embeddable":true,"href":"https:\/\/blog.liesdoch.de\/index.php?rest_route=%2Fwp%2Fv2%2Fcomments&post=4621"}],"version-history":[{"count":1,"href":"https:\/\/blog.liesdoch.de\/index.php?rest_route=\/wp\/v2\/posts\/4621\/revisions"}],"predecessor-version":[{"id":4623,"href":"https:\/\/blog.liesdoch.de\/index.php?rest_route=\/wp\/v2\/posts\/4621\/revisions\/4623"}],"wp:attachment":[{"href":"https:\/\/blog.liesdoch.de\/index.php?rest_route=%2Fwp%2Fv2%2Fmedia&parent=4621"}],"wp:term":[{"taxonomy":"category","embeddable":true,"href":"https:\/\/blog.liesdoch.de\/index.php?rest_route=%2Fwp%2Fv2%2Fcategories&post=4621"},{"taxonomy":"post_tag","embeddable":true,"href":"https:\/\/blog.liesdoch.de\/index.php?rest_route=%2Fwp%2Fv2%2Ftags&post=4621"}],"curies":[{"name":"wp","href":"https:\/\/api.w.org\/{rel}","templated":true}]}}