{"id":4654,"date":"2017-07-20T11:26:46","date_gmt":"2017-07-20T09:26:46","guid":{"rendered":"http:\/\/blog.liesdoch.de\/?p=4654"},"modified":"2017-07-20T11:26:46","modified_gmt":"2017-07-20T09:26:46","slug":"mein-erstes-buch-von-der-kinderkrippe","status":"publish","type":"post","link":"https:\/\/blog.liesdoch.de\/?p=4654","title":{"rendered":"Mein erstes Buch von der Kinderkrippe"},"content":{"rendered":"<p>&nbsp;<\/p>\n<p>&nbsp;<\/p>\n<p>&nbsp;<\/p>\n<p>&nbsp;<\/p>\n<p>&nbsp;<\/p>\n<p><a href=\"http:\/\/blog.liesdoch.de\/wp-content\/uploads\/2017\/07\/48037453z.jpg\"><img loading=\"lazy\" decoding=\"async\" class=\"alignnone size-medium wp-image-4655\" src=\"http:\/\/blog.liesdoch.de\/wp-content\/uploads\/2017\/07\/48037453z-300x298.jpg\" alt=\"\" width=\"300\" height=\"298\" srcset=\"https:\/\/blog.liesdoch.de\/wp-content\/uploads\/2017\/07\/48037453z-300x298.jpg 300w, https:\/\/blog.liesdoch.de\/wp-content\/uploads\/2017\/07\/48037453z-150x150.jpg 150w, https:\/\/blog.liesdoch.de\/wp-content\/uploads\/2017\/07\/48037453z.jpg 475w\" sizes=\"auto, (max-width: 300px) 100vw, 300px\" \/><\/a><\/p>\n<p>Nathalie Choux, Mein erstes Buch von der Kinderkrippe, ArsEdition 2017, ISBN 978-3-8458-2277-8<\/p>\n<p>&nbsp;<\/p>\n<p>In der sehr erfolgreichen Kinderbuchreihe \u201eMein erstes Buch\u201c f\u00fcr kleine Kinder ab etwa 18 Monaten legt die Ars Edition in M\u00fcnchen hier ein neues Buch der Franz\u00f6sin Nathalie Choux vor, in dem sie Erfahrungen von kleinen Kinder reflektiert, die schon in fr\u00fchem Alter eine Kinderkrippe besuchen, was in Frankreich, wo das Buch zuerst erschien, viel mehr zum Alltag von Kindern und ihren Eltern geh\u00f6rt als bei uns.<\/p>\n<p>&nbsp;<\/p>\n<p>Mit mehreren Schiebern und einem Drehrad ausgestattet, lernen die Kinder erste Sachen und Gegenst\u00e4nde zu erkennen und zu benennen, die ihnen dort begegnen, aber auch gemeinsame Erfahrungen mit anderen Kindern und Erziehrinnen, wie zum Beispiel spielen, essen, malen und schlafen werden thematisiert.<\/p>\n<p>&nbsp;<\/p>\n<p>Genau wie die anderen B\u00fccher aus dieser Reihe kann ich dieses Buch sehr empfehlen.<\/p>\n","protected":false},"excerpt":{"rendered":"<p>&nbsp; &nbsp; &nbsp; &nbsp; &nbsp; Nathalie Choux, Mein erstes Buch von der Kinderkrippe, ArsEdition 2017, ISBN 978-3-8458-2277-8 &nbsp; In der sehr erfolgreichen Kinderbuchreihe \u201eMein erstes Buch\u201c f\u00fcr kleine Kinder ab etwa 18 Monaten legt die Ars Edition in M\u00fcnchen hier ein neues Buch der Franz\u00f6sin Nathalie Choux vor, in dem sie Erfahrungen von kleinen Kinder &hellip; <a href=\"https:\/\/blog.liesdoch.de\/?p=4654\" class=\"more-link\"><span class=\"screen-reader-text\">Mein erstes Buch von der Kinderkrippe<\/span> weiterlesen <span class=\"meta-nav\">&rarr;<\/span><\/a><\/p>\n","protected":false},"author":6,"featured_media":0,"comment_status":"closed","ping_status":"open","sticky":false,"template":"","format":"standard","meta":{"footnotes":""},"categories":[1],"tags":[],"class_list":["post-4654","post","type-post","status-publish","format-standard","hentry","category-allgemein"],"_links":{"self":[{"href":"https:\/\/blog.liesdoch.de\/index.php?rest_route=\/wp\/v2\/posts\/4654","targetHints":{"allow":["GET"]}}],"collection":[{"href":"https:\/\/blog.liesdoch.de\/index.php?rest_route=\/wp\/v2\/posts"}],"about":[{"href":"https:\/\/blog.liesdoch.de\/index.php?rest_route=\/wp\/v2\/types\/post"}],"author":[{"embeddable":true,"href":"https:\/\/blog.liesdoch.de\/index.php?rest_route=\/wp\/v2\/users\/6"}],"replies":[{"embeddable":true,"href":"https:\/\/blog.liesdoch.de\/index.php?rest_route=%2Fwp%2Fv2%2Fcomments&post=4654"}],"version-history":[{"count":1,"href":"https:\/\/blog.liesdoch.de\/index.php?rest_route=\/wp\/v2\/posts\/4654\/revisions"}],"predecessor-version":[{"id":4656,"href":"https:\/\/blog.liesdoch.de\/index.php?rest_route=\/wp\/v2\/posts\/4654\/revisions\/4656"}],"wp:attachment":[{"href":"https:\/\/blog.liesdoch.de\/index.php?rest_route=%2Fwp%2Fv2%2Fmedia&parent=4654"}],"wp:term":[{"taxonomy":"category","embeddable":true,"href":"https:\/\/blog.liesdoch.de\/index.php?rest_route=%2Fwp%2Fv2%2Fcategories&post=4654"},{"taxonomy":"post_tag","embeddable":true,"href":"https:\/\/blog.liesdoch.de\/index.php?rest_route=%2Fwp%2Fv2%2Ftags&post=4654"}],"curies":[{"name":"wp","href":"https:\/\/api.w.org\/{rel}","templated":true}]}}