{"id":4681,"date":"2017-08-10T14:40:45","date_gmt":"2017-08-10T12:40:45","guid":{"rendered":"http:\/\/blog.liesdoch.de\/?p=4681"},"modified":"2017-08-10T14:40:45","modified_gmt":"2017-08-10T12:40:45","slug":"wir-haben-die-zeit-denkanstoesse-fuer-ein-gutes-leben","status":"publish","type":"post","link":"https:\/\/blog.liesdoch.de\/?p=4681","title":{"rendered":"Wir haben die Zeit. Denkanst\u00f6\u00dfe f\u00fcr ein gutes Leben"},"content":{"rendered":"<p>&nbsp;<\/p>\n<p>&nbsp;<\/p>\n<p>&nbsp;<\/p>\n<p><a href=\"http:\/\/blog.liesdoch.de\/wp-content\/uploads\/2017\/08\/47204031z.jpg\"><img loading=\"lazy\" decoding=\"async\" class=\"alignnone size-medium wp-image-4682\" src=\"http:\/\/blog.liesdoch.de\/wp-content\/uploads\/2017\/08\/47204031z-176x300.jpg\" alt=\"\" width=\"176\" height=\"300\" srcset=\"https:\/\/blog.liesdoch.de\/wp-content\/uploads\/2017\/08\/47204031z-176x300.jpg 176w, https:\/\/blog.liesdoch.de\/wp-content\/uploads\/2017\/08\/47204031z.jpg 247w\" sizes=\"auto, (max-width: 176px) 100vw, 176px\" \/><\/a><\/p>\n<p>&nbsp;<\/p>\n<p>&nbsp;<\/p>\n<p>Christian Sch\u00fcle, Wir haben die Zeit. Denkanst\u00f6\u00dfe f\u00fcr ein gutes Leben, edition K\u00f6rber-Stiftung 20917, ISBN 978-3-89684-197-1<\/p>\n<p>&nbsp;<\/p>\n<p>Der Philosoph Christian Sch\u00fcle, der zuletzt mit seinem Buch \u201eHeimat\u201c (Droemer) ein Szenario f\u00fcr ein neues Heimatverst\u00e4ndnis entworfen hat, mit dem sich die gro\u00dfen Migrations-Bewegungen unserer Zeit m\u00f6glicherweise fassen und bew\u00e4ltigen lassen. und dabei unserer Sehnsucht nach Vertrautem und dem Mangel an Vertrauen nachgesp\u00fcrt hat, ist auch in seinem neuen Werk \u201eWir haben Zeit\u201c dem aktuellen Lebensgef\u00fchl der Menschen auf der Spur. Wie leben sie und wie arbeiten sie, was bewegt sie, welchen Sinn und welches Ziel wollen sie ihren Leben geben?<\/p>\n<p>&nbsp;<\/p>\n<p>Da die Menschen heute eine erhebliche h\u00f6here Lebenserwartung haben als fr\u00fchere Generationen, h\u00e4tten sie, so Sch\u00fcle, eigentlich allen Grund, sich Zeit zu lassen. Doch das Gegenteil ist der Fall. Stress, Hektik, Druck von au\u00dfen, der dann nach innen wandert und krank macht, \u00fcberwiegen im Leben der meisten Menschen. Sie f\u00fchlen sich wie gejagt von widerspr\u00fcchlichen und sie \u00fcberfordernden Anforderungen und mehr noch von den unz\u00e4hligen Angeboten. So wird man nicht gl\u00fccklich.<\/p>\n<p>&nbsp;<\/p>\n<p>In seinem Buch beschreibt Sch\u00fcle, wie er sich die \u201eOrganisation des guten Lebens\u201c vorstellt. Was kann der einzelne Mensch, Frau oder Mann, tun bzw. lassen, um seine Arbeit, seine Familie und seine Freizeit in einen harmonischen und sinnerf\u00fcllten Einklang zu bringen? Doch seine Fragen gehen \u00fcber das hinaus, was das Individuum f\u00fcr sich selbst tun kann. Er nimmt in seinem Buch auch immer wieder die gesamte Gesellschaft in den Blick und fordert eine Neudefinition von Lebensarbeitszeit, die sich an den in den verschiedenen Lebensabschnitten vorherrschenden Bed\u00fcrfnissen der Menschen orientiert.<\/p>\n<p>&nbsp;<\/p>\n<p>Sein Buch ist nicht nur eine \u00fcberzeugende Gesellschaftsutopie mit vielen sinnvollen Hinweisen auf das, was der Einzelne f\u00fcr sich in seinem Leben \u00e4ndern kann, sondern auch eine kluge und aufschlussreiche Beschreibung unserer gegenw\u00e4rtigen Gesellschaft und der in ihr vorherrschenden Werte.<\/p>\n<p>&nbsp;<\/p>\n<p>&nbsp;<\/p>\n<p>&nbsp;<\/p>\n","protected":false},"excerpt":{"rendered":"<p>&nbsp; &nbsp; &nbsp; &nbsp; &nbsp; Christian Sch\u00fcle, Wir haben die Zeit. Denkanst\u00f6\u00dfe f\u00fcr ein gutes Leben, edition K\u00f6rber-Stiftung 20917, ISBN 978-3-89684-197-1 &nbsp; Der Philosoph Christian Sch\u00fcle, der zuletzt mit seinem Buch \u201eHeimat\u201c (Droemer) ein Szenario f\u00fcr ein neues Heimatverst\u00e4ndnis entworfen hat, mit dem sich die gro\u00dfen Migrations-Bewegungen unserer Zeit m\u00f6glicherweise fassen und bew\u00e4ltigen lassen. und &hellip; <a href=\"https:\/\/blog.liesdoch.de\/?p=4681\" class=\"more-link\"><span class=\"screen-reader-text\">Wir haben die Zeit. Denkanst\u00f6\u00dfe f\u00fcr ein gutes Leben<\/span> weiterlesen <span class=\"meta-nav\">&rarr;<\/span><\/a><\/p>\n","protected":false},"author":6,"featured_media":0,"comment_status":"closed","ping_status":"open","sticky":false,"template":"","format":"standard","meta":{"footnotes":""},"categories":[1],"tags":[],"class_list":["post-4681","post","type-post","status-publish","format-standard","hentry","category-allgemein"],"_links":{"self":[{"href":"https:\/\/blog.liesdoch.de\/index.php?rest_route=\/wp\/v2\/posts\/4681","targetHints":{"allow":["GET"]}}],"collection":[{"href":"https:\/\/blog.liesdoch.de\/index.php?rest_route=\/wp\/v2\/posts"}],"about":[{"href":"https:\/\/blog.liesdoch.de\/index.php?rest_route=\/wp\/v2\/types\/post"}],"author":[{"embeddable":true,"href":"https:\/\/blog.liesdoch.de\/index.php?rest_route=\/wp\/v2\/users\/6"}],"replies":[{"embeddable":true,"href":"https:\/\/blog.liesdoch.de\/index.php?rest_route=%2Fwp%2Fv2%2Fcomments&post=4681"}],"version-history":[{"count":1,"href":"https:\/\/blog.liesdoch.de\/index.php?rest_route=\/wp\/v2\/posts\/4681\/revisions"}],"predecessor-version":[{"id":4683,"href":"https:\/\/blog.liesdoch.de\/index.php?rest_route=\/wp\/v2\/posts\/4681\/revisions\/4683"}],"wp:attachment":[{"href":"https:\/\/blog.liesdoch.de\/index.php?rest_route=%2Fwp%2Fv2%2Fmedia&parent=4681"}],"wp:term":[{"taxonomy":"category","embeddable":true,"href":"https:\/\/blog.liesdoch.de\/index.php?rest_route=%2Fwp%2Fv2%2Fcategories&post=4681"},{"taxonomy":"post_tag","embeddable":true,"href":"https:\/\/blog.liesdoch.de\/index.php?rest_route=%2Fwp%2Fv2%2Ftags&post=4681"}],"curies":[{"name":"wp","href":"https:\/\/api.w.org\/{rel}","templated":true}]}}