{"id":4697,"date":"2017-08-14T15:20:57","date_gmt":"2017-08-14T13:20:57","guid":{"rendered":"http:\/\/blog.liesdoch.de\/?p=4697"},"modified":"2017-08-14T15:20:57","modified_gmt":"2017-08-14T13:20:57","slug":"die-welt-zur-zeit-jesu","status":"publish","type":"post","link":"https:\/\/blog.liesdoch.de\/?p=4697","title":{"rendered":"Die Welt zur Zeit Jesu"},"content":{"rendered":"<p>&nbsp;<\/p>\n<p>&nbsp;<\/p>\n<p>&nbsp;<\/p>\n<p>&nbsp;<\/p>\n<p><a href=\"http:\/\/blog.liesdoch.de\/wp-content\/uploads\/2017\/08\/48001020z.jpg\"><img loading=\"lazy\" decoding=\"async\" class=\"alignnone size-medium wp-image-4698\" src=\"http:\/\/blog.liesdoch.de\/wp-content\/uploads\/2017\/08\/48001020z-198x300.jpg\" alt=\"\" width=\"198\" height=\"300\" srcset=\"https:\/\/blog.liesdoch.de\/wp-content\/uploads\/2017\/08\/48001020z-198x300.jpg 198w, https:\/\/blog.liesdoch.de\/wp-content\/uploads\/2017\/08\/48001020z.jpg 277w\" sizes=\"auto, (max-width: 198px) 100vw, 198px\" \/><\/a><\/p>\n<p>&nbsp;<\/p>\n<p>Werner Dahlheim, Die Welt zur Zeit Jesu, C.H. Beck 2017, ISBN 978-3-406-71507-5<\/p>\n<p>&nbsp;<\/p>\n<p>Das vorliegende umfangreiche Buch des emeritierten Historikers Werner Dahlheim h\u00e4tte ich vor 40 Jahren als Theologiestudent gerne auf meinem Schreibtisch gehabt. Es h\u00e4tte mir erm\u00f6glicht, viel besser als durch die meisten meiner theologischen Lehrerinne und Lehrer die Welt und die Verh\u00e4ltnisse zu verstehen, von denen nicht nur das Leben des Jesus von Nazareth gepr\u00e4gt war, sondern deren Kenntnis n\u00f6tig ist, um den Aufstieg des Christentums zu verstehen.<\/p>\n<p>&nbsp;<\/p>\n<p>Das Buch ist klug und nachvollziehbar aufgebaut und f\u00fcr ein historisches Werk sehr spannend geschrieben. Schnell hat man sich festgelesen und am Ende ein differenziertes Bild von den Anf\u00e4ngen einer Religion, die die Welt gepr\u00e4gt hat wie kaum eine zweite.<\/p>\n","protected":false},"excerpt":{"rendered":"<p>&nbsp; &nbsp; &nbsp; &nbsp; &nbsp; Werner Dahlheim, Die Welt zur Zeit Jesu, C.H. Beck 2017, ISBN 978-3-406-71507-5 &nbsp; Das vorliegende umfangreiche Buch des emeritierten Historikers Werner Dahlheim h\u00e4tte ich vor 40 Jahren als Theologiestudent gerne auf meinem Schreibtisch gehabt. Es h\u00e4tte mir erm\u00f6glicht, viel besser als durch die meisten meiner theologischen Lehrerinne und Lehrer die &hellip; <a href=\"https:\/\/blog.liesdoch.de\/?p=4697\" class=\"more-link\"><span class=\"screen-reader-text\">Die Welt zur Zeit Jesu<\/span> weiterlesen <span class=\"meta-nav\">&rarr;<\/span><\/a><\/p>\n","protected":false},"author":6,"featured_media":0,"comment_status":"closed","ping_status":"open","sticky":false,"template":"","format":"standard","meta":{"footnotes":""},"categories":[1],"tags":[],"class_list":["post-4697","post","type-post","status-publish","format-standard","hentry","category-allgemein"],"_links":{"self":[{"href":"https:\/\/blog.liesdoch.de\/index.php?rest_route=\/wp\/v2\/posts\/4697","targetHints":{"allow":["GET"]}}],"collection":[{"href":"https:\/\/blog.liesdoch.de\/index.php?rest_route=\/wp\/v2\/posts"}],"about":[{"href":"https:\/\/blog.liesdoch.de\/index.php?rest_route=\/wp\/v2\/types\/post"}],"author":[{"embeddable":true,"href":"https:\/\/blog.liesdoch.de\/index.php?rest_route=\/wp\/v2\/users\/6"}],"replies":[{"embeddable":true,"href":"https:\/\/blog.liesdoch.de\/index.php?rest_route=%2Fwp%2Fv2%2Fcomments&post=4697"}],"version-history":[{"count":1,"href":"https:\/\/blog.liesdoch.de\/index.php?rest_route=\/wp\/v2\/posts\/4697\/revisions"}],"predecessor-version":[{"id":4699,"href":"https:\/\/blog.liesdoch.de\/index.php?rest_route=\/wp\/v2\/posts\/4697\/revisions\/4699"}],"wp:attachment":[{"href":"https:\/\/blog.liesdoch.de\/index.php?rest_route=%2Fwp%2Fv2%2Fmedia&parent=4697"}],"wp:term":[{"taxonomy":"category","embeddable":true,"href":"https:\/\/blog.liesdoch.de\/index.php?rest_route=%2Fwp%2Fv2%2Fcategories&post=4697"},{"taxonomy":"post_tag","embeddable":true,"href":"https:\/\/blog.liesdoch.de\/index.php?rest_route=%2Fwp%2Fv2%2Ftags&post=4697"}],"curies":[{"name":"wp","href":"https:\/\/api.w.org\/{rel}","templated":true}]}}