{"id":4701,"date":"2017-08-16T08:13:44","date_gmt":"2017-08-16T06:13:44","guid":{"rendered":"http:\/\/blog.liesdoch.de\/?p=4701"},"modified":"2017-08-16T08:13:44","modified_gmt":"2017-08-16T06:13:44","slug":"wir-haben-einen-hut","status":"publish","type":"post","link":"https:\/\/blog.liesdoch.de\/?p=4701","title":{"rendered":"Wir haben einen Hut"},"content":{"rendered":"<p>&nbsp;<\/p>\n<p>&nbsp;<\/p>\n<p>&nbsp;<\/p>\n<p>&nbsp;<\/p>\n<p>&nbsp;<\/p>\n<p><a href=\"http:\/\/blog.liesdoch.de\/wp-content\/uploads\/2017\/08\/47057905z.jpg\"><img loading=\"lazy\" decoding=\"async\" class=\"alignnone size-medium wp-image-4702\" src=\"http:\/\/blog.liesdoch.de\/wp-content\/uploads\/2017\/08\/47057905z-216x300.jpg\" alt=\"\" width=\"216\" height=\"300\" srcset=\"https:\/\/blog.liesdoch.de\/wp-content\/uploads\/2017\/08\/47057905z-216x300.jpg 216w, https:\/\/blog.liesdoch.de\/wp-content\/uploads\/2017\/08\/47057905z.jpg 302w\" sizes=\"auto, (max-width: 216px) 100vw, 216px\" \/><\/a><\/p>\n<p>&nbsp;<\/p>\n<p>Jon Klassen, Wir haben einen Hut, NordS\u00fcd Verlag 2017, ISBN 978-3-314-10387-2<\/p>\n<p>&nbsp;<\/p>\n<p>Die H\u00fcte haben es ihm angetan, dem aus Kanada stammenden und in Los Angeles lebenden Bilderbuchautor Jon Klassen. Nach seinen beiden preisgekr\u00f6nten Bilderb\u00fccher \u201eWo ist mein Hut?\u201c (2012) und \u201eDas ist nicht mein Hut\u201c (2013() legt er nun wieder ein lustiges und hintersinniges Bilderbuch vor, in dem es um einen Hut geht, aber zwischen den Zeilen und hinter den Bildern um noch viel mehr.<\/p>\n<p>&nbsp;<\/p>\n<p>Dieses Mal sind es zwei Schildkr\u00f6ten, die die Hauptrolle spielen. Sie finden einen Hut, der ihnen beiden gut gef\u00e4llt und auch beiden gut steht. Da es aber nur einen Hut gibt, beschlie\u00dfen sie zu vergessen, dass sie ihn\u00a0 jemals gefunden haben.<\/p>\n<p>&nbsp;<\/p>\n<p>Das gelingt der einen Schildkr\u00f6te gut, aber die andere kann den sch\u00f6nen Hut einfach nicht vergessen. Und im Traum findet sie eine L\u00f6sung\u2026<\/p>\n<p>&nbsp;<\/p>\n<p>Mit viel Witz und Scharfsinn gelingt es Jon Klassen auch mit seinem dritten Buch \u00fcber die Anziehungskraft von H\u00fcten mit reduzierten Mitteln eine gro\u00dfe emotionale Wirkung zu erzielen.<\/p>\n","protected":false},"excerpt":{"rendered":"<p>&nbsp; &nbsp; &nbsp; &nbsp; &nbsp; &nbsp; Jon Klassen, Wir haben einen Hut, NordS\u00fcd Verlag 2017, ISBN 978-3-314-10387-2 &nbsp; Die H\u00fcte haben es ihm angetan, dem aus Kanada stammenden und in Los Angeles lebenden Bilderbuchautor Jon Klassen. Nach seinen beiden preisgekr\u00f6nten Bilderb\u00fccher \u201eWo ist mein Hut?\u201c (2012) und \u201eDas ist nicht mein Hut\u201c (2013() legt er &hellip; <a href=\"https:\/\/blog.liesdoch.de\/?p=4701\" class=\"more-link\"><span class=\"screen-reader-text\">Wir haben einen Hut<\/span> weiterlesen <span class=\"meta-nav\">&rarr;<\/span><\/a><\/p>\n","protected":false},"author":6,"featured_media":0,"comment_status":"closed","ping_status":"open","sticky":false,"template":"","format":"standard","meta":{"footnotes":""},"categories":[1],"tags":[],"class_list":["post-4701","post","type-post","status-publish","format-standard","hentry","category-allgemein"],"_links":{"self":[{"href":"https:\/\/blog.liesdoch.de\/index.php?rest_route=\/wp\/v2\/posts\/4701","targetHints":{"allow":["GET"]}}],"collection":[{"href":"https:\/\/blog.liesdoch.de\/index.php?rest_route=\/wp\/v2\/posts"}],"about":[{"href":"https:\/\/blog.liesdoch.de\/index.php?rest_route=\/wp\/v2\/types\/post"}],"author":[{"embeddable":true,"href":"https:\/\/blog.liesdoch.de\/index.php?rest_route=\/wp\/v2\/users\/6"}],"replies":[{"embeddable":true,"href":"https:\/\/blog.liesdoch.de\/index.php?rest_route=%2Fwp%2Fv2%2Fcomments&post=4701"}],"version-history":[{"count":1,"href":"https:\/\/blog.liesdoch.de\/index.php?rest_route=\/wp\/v2\/posts\/4701\/revisions"}],"predecessor-version":[{"id":4703,"href":"https:\/\/blog.liesdoch.de\/index.php?rest_route=\/wp\/v2\/posts\/4701\/revisions\/4703"}],"wp:attachment":[{"href":"https:\/\/blog.liesdoch.de\/index.php?rest_route=%2Fwp%2Fv2%2Fmedia&parent=4701"}],"wp:term":[{"taxonomy":"category","embeddable":true,"href":"https:\/\/blog.liesdoch.de\/index.php?rest_route=%2Fwp%2Fv2%2Fcategories&post=4701"},{"taxonomy":"post_tag","embeddable":true,"href":"https:\/\/blog.liesdoch.de\/index.php?rest_route=%2Fwp%2Fv2%2Ftags&post=4701"}],"curies":[{"name":"wp","href":"https:\/\/api.w.org\/{rel}","templated":true}]}}