{"id":4724,"date":"2017-08-18T08:09:39","date_gmt":"2017-08-18T06:09:39","guid":{"rendered":"http:\/\/blog.liesdoch.de\/?p=4724"},"modified":"2017-08-18T08:09:39","modified_gmt":"2017-08-18T06:09:39","slug":"wir-koennen-nicht-allen-helfen","status":"publish","type":"post","link":"https:\/\/blog.liesdoch.de\/?p=4724","title":{"rendered":"Wir k\u00f6nnen nicht allen helfen"},"content":{"rendered":"<p>&nbsp;<\/p>\n<p>&nbsp;<\/p>\n<p>&nbsp;<\/p>\n<p>&nbsp;<\/p>\n<p>&nbsp;<\/p>\n<p><a href=\"http:\/\/blog.liesdoch.de\/wp-content\/uploads\/2017\/08\/48069393z.jpg\"><img loading=\"lazy\" decoding=\"async\" class=\"alignnone size-medium wp-image-4725\" src=\"http:\/\/blog.liesdoch.de\/wp-content\/uploads\/2017\/08\/48069393z-188x300.jpg\" alt=\"\" width=\"188\" height=\"300\" srcset=\"https:\/\/blog.liesdoch.de\/wp-content\/uploads\/2017\/08\/48069393z-188x300.jpg 188w, https:\/\/blog.liesdoch.de\/wp-content\/uploads\/2017\/08\/48069393z.jpg 263w\" sizes=\"auto, (max-width: 188px) 100vw, 188px\" \/><\/a><\/p>\n<p>Boris Palmer, Wir k\u00f6nnen nicht allen helfen, Siedler 2017, ISBN 978-3-8275-0107-3<\/p>\n<p>&nbsp;<\/p>\n<p>\u201eEin Gr\u00fcner \u00fcber Integration und die Grenzen der Belastbarkeit\u201c, so lautet der Untertitel des vorliegenden Buches, das schon lange vor seinem Erscheinen f\u00fcr erregte Diskussionen in der bundesdeutschen \u00d6ffentlichkeit gesorgt hat. Wohl auch deshalb, weil sein Autor, der T\u00fcbinger Oberb\u00fcrgermeister in den letzten Jahren sich fast t\u00e4glich meist \u00fcber facebook und immer politisch unkorrekt in die Debatte \u00fcber Fl\u00fcchtlinge und Integration eingemischt hat.<\/p>\n<p>&nbsp;<\/p>\n<p>Doch bei einer genauen Lekt\u00fcre seines Buches, das er auch mit vielen T\u00fcbinger Erfahrungen unterf\u00fcttert, kann man die Aufregung nicht recht verstehen, beziehungsweise sie nur als ein weiteres Beispiel f\u00fcr das sehen, was er in seinem Buch kritisiert. Zwischen denen, die nach wie vor unreflektiert an ihrer Willkommenskultur festhalten und denen, die am liebsten jeden Asylsuchenden aus Deutschland fernhalten wollen, gibt es kaum noch einen vern\u00fcnftigen Diskurs. Diese unser Land zerreissende Spannung zwischen Gesinnungsethik und Verantwortungsethik ist das Subthema , das sich durch das ganze Buch zieht. Palmer will das durchbrechen. Je mehr die berechtigte Kritik an einer ungebremsten Zuwanderung (vgl. auch die B\u00fccher von Katja Schneit, Samuel Schirmbeck und Paul Collier) unter Rassismus- und anderen \u2013verdacht gestellt wird, je mehr wird das Gesch\u00e4ft der wirklichen Populisten betrieben.<\/p>\n<p>&nbsp;<\/p>\n<p>Man wirft Boris Palmer Populismus vor \u2013 aus seinem Buch kann ich das nicht herauslesen.<\/p>\n<p>&nbsp;<\/p>\n<p>&nbsp;<\/p>\n<p>&nbsp;<\/p>\n<p>&nbsp;<\/p>\n","protected":false},"excerpt":{"rendered":"<p>&nbsp; &nbsp; &nbsp; &nbsp; &nbsp; Boris Palmer, Wir k\u00f6nnen nicht allen helfen, Siedler 2017, ISBN 978-3-8275-0107-3 &nbsp; \u201eEin Gr\u00fcner \u00fcber Integration und die Grenzen der Belastbarkeit\u201c, so lautet der Untertitel des vorliegenden Buches, das schon lange vor seinem Erscheinen f\u00fcr erregte Diskussionen in der bundesdeutschen \u00d6ffentlichkeit gesorgt hat. Wohl auch deshalb, weil sein Autor, der &hellip; <a href=\"https:\/\/blog.liesdoch.de\/?p=4724\" class=\"more-link\"><span class=\"screen-reader-text\">Wir k\u00f6nnen nicht allen helfen<\/span> weiterlesen <span class=\"meta-nav\">&rarr;<\/span><\/a><\/p>\n","protected":false},"author":6,"featured_media":0,"comment_status":"closed","ping_status":"open","sticky":false,"template":"","format":"standard","meta":{"footnotes":""},"categories":[1],"tags":[],"class_list":["post-4724","post","type-post","status-publish","format-standard","hentry","category-allgemein"],"_links":{"self":[{"href":"https:\/\/blog.liesdoch.de\/index.php?rest_route=\/wp\/v2\/posts\/4724","targetHints":{"allow":["GET"]}}],"collection":[{"href":"https:\/\/blog.liesdoch.de\/index.php?rest_route=\/wp\/v2\/posts"}],"about":[{"href":"https:\/\/blog.liesdoch.de\/index.php?rest_route=\/wp\/v2\/types\/post"}],"author":[{"embeddable":true,"href":"https:\/\/blog.liesdoch.de\/index.php?rest_route=\/wp\/v2\/users\/6"}],"replies":[{"embeddable":true,"href":"https:\/\/blog.liesdoch.de\/index.php?rest_route=%2Fwp%2Fv2%2Fcomments&post=4724"}],"version-history":[{"count":1,"href":"https:\/\/blog.liesdoch.de\/index.php?rest_route=\/wp\/v2\/posts\/4724\/revisions"}],"predecessor-version":[{"id":4726,"href":"https:\/\/blog.liesdoch.de\/index.php?rest_route=\/wp\/v2\/posts\/4724\/revisions\/4726"}],"wp:attachment":[{"href":"https:\/\/blog.liesdoch.de\/index.php?rest_route=%2Fwp%2Fv2%2Fmedia&parent=4724"}],"wp:term":[{"taxonomy":"category","embeddable":true,"href":"https:\/\/blog.liesdoch.de\/index.php?rest_route=%2Fwp%2Fv2%2Fcategories&post=4724"},{"taxonomy":"post_tag","embeddable":true,"href":"https:\/\/blog.liesdoch.de\/index.php?rest_route=%2Fwp%2Fv2%2Ftags&post=4724"}],"curies":[{"name":"wp","href":"https:\/\/api.w.org\/{rel}","templated":true}]}}