{"id":4734,"date":"2017-08-21T07:56:36","date_gmt":"2017-08-21T05:56:36","guid":{"rendered":"http:\/\/blog.liesdoch.de\/?p=4734"},"modified":"2017-08-21T07:56:36","modified_gmt":"2017-08-21T05:56:36","slug":"linas-reise-ins-land-glueck","status":"publish","type":"post","link":"https:\/\/blog.liesdoch.de\/?p=4734","title":{"rendered":"Linas Reise ins Land Gl\u00fcck"},"content":{"rendered":"<p>&nbsp;<\/p>\n<p>&nbsp;<\/p>\n<p>&nbsp;<\/p>\n<p>&nbsp;<\/p>\n<p><a href=\"http:\/\/blog.liesdoch.de\/wp-content\/uploads\/2017\/08\/48037350z.jpg\"><img loading=\"lazy\" decoding=\"async\" class=\"alignnone size-medium wp-image-4735\" src=\"http:\/\/blog.liesdoch.de\/wp-content\/uploads\/2017\/08\/48037350z-234x300.jpg\" alt=\"\" width=\"234\" height=\"300\" srcset=\"https:\/\/blog.liesdoch.de\/wp-content\/uploads\/2017\/08\/48037350z-234x300.jpg 234w, https:\/\/blog.liesdoch.de\/wp-content\/uploads\/2017\/08\/48037350z.jpg 328w\" sizes=\"auto, (max-width: 234px) 100vw, 234px\" \/><\/a><\/p>\n<p>&nbsp;<\/p>\n<p>Martin Widmark, Emilia Dziubak, Linas Reise ins Land Gl\u00fcck, arsedition 2017, ISBN 978-3-8458-2205-1<\/p>\n<p>&nbsp;<\/p>\n<p>Eine sch\u00f6ne fantasievolle Geschichte des schwedischen Bestsellerautors Martin Widmark hat Emilia Dziubak mit zarten und geheimnisvollen auf eine sehr ansprechende Art illustriert.<\/p>\n<p>Die an das M\u00e4rchen vom D\u00e4umelinchen von Hans Christian Andersen erinnernde Geschichte erz\u00e4hlt von Lina, die dem kleinen Daniel vor dem Einschlafen eine m\u00e4rchenhafte Geschichte aus ihrer Vergangenheit erz\u00e4hlt, als sie als kleines M\u00e4dchen auf der Suche nach ihrem Bruder in einem wunderbaren Phantasiewelt, dem Land Gl\u00fcck, landet.<\/p>\n<p>&nbsp;<\/p>\n<p>Dort trifft sie auf sprechende Insekten und auf einen h\u00f6flichen K\u00e4fer in Frack und Fliege. Der K\u00e4fer f\u00fchrt die geschrumpfte Lina an die wundervollsten und abenteuerlichsten Orte.<\/p>\n<p>&nbsp;<\/p>\n<p>Spannend, liebevoll und warmherzig\u00a0 erz\u00e4hlt Martin Widmark in kurzen S\u00e4tzen sein M\u00e4rchen. Emilia Dziudaks Illustrationen zum Text f\u00fcgen sich perfekt ein und bezaubern in ihrer seltsamen Sch\u00f6nheit nicht nur die Kinder, sondern auch die vorlesenden Erwachsenen. Auch als Gute-Nacht-Geschichte hervorragend geeignet.<\/p>\n<p>&nbsp;<\/p>\n<p>&nbsp;<\/p>\n<p>&nbsp;<\/p>\n","protected":false},"excerpt":{"rendered":"<p>&nbsp; &nbsp; &nbsp; &nbsp; &nbsp; Martin Widmark, Emilia Dziubak, Linas Reise ins Land Gl\u00fcck, arsedition 2017, ISBN 978-3-8458-2205-1 &nbsp; Eine sch\u00f6ne fantasievolle Geschichte des schwedischen Bestsellerautors Martin Widmark hat Emilia Dziubak mit zarten und geheimnisvollen auf eine sehr ansprechende Art illustriert. Die an das M\u00e4rchen vom D\u00e4umelinchen von Hans Christian Andersen erinnernde Geschichte erz\u00e4hlt von &hellip; <a href=\"https:\/\/blog.liesdoch.de\/?p=4734\" class=\"more-link\"><span class=\"screen-reader-text\">Linas Reise ins Land Gl\u00fcck<\/span> weiterlesen <span class=\"meta-nav\">&rarr;<\/span><\/a><\/p>\n","protected":false},"author":6,"featured_media":0,"comment_status":"closed","ping_status":"open","sticky":false,"template":"","format":"standard","meta":{"footnotes":""},"categories":[1],"tags":[],"class_list":["post-4734","post","type-post","status-publish","format-standard","hentry","category-allgemein"],"_links":{"self":[{"href":"https:\/\/blog.liesdoch.de\/index.php?rest_route=\/wp\/v2\/posts\/4734","targetHints":{"allow":["GET"]}}],"collection":[{"href":"https:\/\/blog.liesdoch.de\/index.php?rest_route=\/wp\/v2\/posts"}],"about":[{"href":"https:\/\/blog.liesdoch.de\/index.php?rest_route=\/wp\/v2\/types\/post"}],"author":[{"embeddable":true,"href":"https:\/\/blog.liesdoch.de\/index.php?rest_route=\/wp\/v2\/users\/6"}],"replies":[{"embeddable":true,"href":"https:\/\/blog.liesdoch.de\/index.php?rest_route=%2Fwp%2Fv2%2Fcomments&post=4734"}],"version-history":[{"count":1,"href":"https:\/\/blog.liesdoch.de\/index.php?rest_route=\/wp\/v2\/posts\/4734\/revisions"}],"predecessor-version":[{"id":4736,"href":"https:\/\/blog.liesdoch.de\/index.php?rest_route=\/wp\/v2\/posts\/4734\/revisions\/4736"}],"wp:attachment":[{"href":"https:\/\/blog.liesdoch.de\/index.php?rest_route=%2Fwp%2Fv2%2Fmedia&parent=4734"}],"wp:term":[{"taxonomy":"category","embeddable":true,"href":"https:\/\/blog.liesdoch.de\/index.php?rest_route=%2Fwp%2Fv2%2Fcategories&post=4734"},{"taxonomy":"post_tag","embeddable":true,"href":"https:\/\/blog.liesdoch.de\/index.php?rest_route=%2Fwp%2Fv2%2Ftags&post=4734"}],"curies":[{"name":"wp","href":"https:\/\/api.w.org\/{rel}","templated":true}]}}