{"id":4759,"date":"2017-08-22T14:51:27","date_gmt":"2017-08-22T12:51:27","guid":{"rendered":"http:\/\/blog.liesdoch.de\/?p=4759"},"modified":"2017-08-22T14:51:27","modified_gmt":"2017-08-22T12:51:27","slug":"mein-elefant-will-nicht-ins-bett","status":"publish","type":"post","link":"https:\/\/blog.liesdoch.de\/?p=4759","title":{"rendered":"Mein Elefant will nicht ins Bett"},"content":{"rendered":"<p>&nbsp;<\/p>\n<p>&nbsp;<\/p>\n<p>&nbsp;<\/p>\n<p>&nbsp;<\/p>\n<p><a href=\"http:\/\/blog.liesdoch.de\/wp-content\/uploads\/2017\/08\/48082127z.jpg\"><img loading=\"lazy\" decoding=\"async\" class=\"alignnone size-medium wp-image-4760\" src=\"http:\/\/blog.liesdoch.de\/wp-content\/uploads\/2017\/08\/48082127z-232x300.jpg\" alt=\"\" width=\"232\" height=\"300\" srcset=\"https:\/\/blog.liesdoch.de\/wp-content\/uploads\/2017\/08\/48082127z-232x300.jpg 232w, https:\/\/blog.liesdoch.de\/wp-content\/uploads\/2017\/08\/48082127z.jpg 325w\" sizes=\"auto, (max-width: 232px) 100vw, 232px\" \/><\/a><\/p>\n<p>Cee Neudert, Susanne G\u00f6hlich, Mein Elefant will nicht ins Bett, Thienemann 2017, ISBN 978-3-522-45849-8<\/p>\n<p>&nbsp;<\/p>\n<p>Die kleine Anna ist heute mit ihrem Vater alleine zu Hause. Sie hat in ihrem Zimmer gespielt, unter anderem auch mit ihrem Kuschelelefanten, der in ihrer Fantasie die Gr\u00f6\u00dfe eines kleinen Babyelefanten hat. Als der Vater aus der K\u00fcche ruft, jetzt sei es aber Zeit f\u00fcr das Bett, beginnt die \u00fcbliche Tour. Doch Anna reklamiert das Hunger, den Durst, das Pipigehen und Z\u00e4hneputzen nicht f\u00fcr sich selbst, sondern f\u00fcr ihren Elefanten:<\/p>\n<p>\u201eMein Elefant will noch nicht ins Bett!\u201c\u00a0 so geht es los. Der Vater macht zun\u00e4chst drei verschiedene Salat, weil Elefanten doch Vegetarier sind. Seinen Durst muss der Elefant aus der vollen Badewanne l\u00f6schen und das Pipimachen gestaltet sich wegen seiner Gr\u00f6\u00dfe zum Drahtseilakt.<\/p>\n<p>&nbsp;<\/p>\n<p>Als dann nach dem Vorlesen auch der Elefant gut zugedeckt ist, schrumpft er wieder auf seine normale Gr\u00f6\u00dfe zur\u00fcck und Anna schl\u00e4ft mit ihrem grauen Kuscheltier im Arm selig und zufrieden ein.<\/p>\n<p>&nbsp;<\/p>\n<p>Der Vater indes, der sich vorbildlich auf das Fantasiespiel seiner Tochter eingelassen hat, r\u00e4umt derweil erst mal die K\u00fcche auf, denke ich. Aber das ist nicht mehr abgebildet.<\/p>\n<p>&nbsp;<\/p>\n<p>Ein witziges Bilderbuch mit bunten Illustrationen von Susanne G\u00f6hlich.<\/p>\n<p>&nbsp;<\/p>\n<p>&nbsp;<\/p>\n","protected":false},"excerpt":{"rendered":"<p>&nbsp; &nbsp; &nbsp; &nbsp; Cee Neudert, Susanne G\u00f6hlich, Mein Elefant will nicht ins Bett, Thienemann 2017, ISBN 978-3-522-45849-8 &nbsp; Die kleine Anna ist heute mit ihrem Vater alleine zu Hause. Sie hat in ihrem Zimmer gespielt, unter anderem auch mit ihrem Kuschelelefanten, der in ihrer Fantasie die Gr\u00f6\u00dfe eines kleinen Babyelefanten hat. Als der Vater &hellip; <a href=\"https:\/\/blog.liesdoch.de\/?p=4759\" class=\"more-link\"><span class=\"screen-reader-text\">Mein Elefant will nicht ins Bett<\/span> weiterlesen <span class=\"meta-nav\">&rarr;<\/span><\/a><\/p>\n","protected":false},"author":6,"featured_media":0,"comment_status":"closed","ping_status":"open","sticky":false,"template":"","format":"standard","meta":{"footnotes":""},"categories":[1],"tags":[],"class_list":["post-4759","post","type-post","status-publish","format-standard","hentry","category-allgemein"],"_links":{"self":[{"href":"https:\/\/blog.liesdoch.de\/index.php?rest_route=\/wp\/v2\/posts\/4759","targetHints":{"allow":["GET"]}}],"collection":[{"href":"https:\/\/blog.liesdoch.de\/index.php?rest_route=\/wp\/v2\/posts"}],"about":[{"href":"https:\/\/blog.liesdoch.de\/index.php?rest_route=\/wp\/v2\/types\/post"}],"author":[{"embeddable":true,"href":"https:\/\/blog.liesdoch.de\/index.php?rest_route=\/wp\/v2\/users\/6"}],"replies":[{"embeddable":true,"href":"https:\/\/blog.liesdoch.de\/index.php?rest_route=%2Fwp%2Fv2%2Fcomments&post=4759"}],"version-history":[{"count":1,"href":"https:\/\/blog.liesdoch.de\/index.php?rest_route=\/wp\/v2\/posts\/4759\/revisions"}],"predecessor-version":[{"id":4761,"href":"https:\/\/blog.liesdoch.de\/index.php?rest_route=\/wp\/v2\/posts\/4759\/revisions\/4761"}],"wp:attachment":[{"href":"https:\/\/blog.liesdoch.de\/index.php?rest_route=%2Fwp%2Fv2%2Fmedia&parent=4759"}],"wp:term":[{"taxonomy":"category","embeddable":true,"href":"https:\/\/blog.liesdoch.de\/index.php?rest_route=%2Fwp%2Fv2%2Fcategories&post=4759"},{"taxonomy":"post_tag","embeddable":true,"href":"https:\/\/blog.liesdoch.de\/index.php?rest_route=%2Fwp%2Fv2%2Ftags&post=4759"}],"curies":[{"name":"wp","href":"https:\/\/api.w.org\/{rel}","templated":true}]}}