{"id":4766,"date":"2017-08-23T08:19:17","date_gmt":"2017-08-23T06:19:17","guid":{"rendered":"http:\/\/blog.liesdoch.de\/?p=4766"},"modified":"2017-08-23T08:19:17","modified_gmt":"2017-08-23T06:19:17","slug":"die-zisterzienser","status":"publish","type":"post","link":"https:\/\/blog.liesdoch.de\/?p=4766","title":{"rendered":"Die Zisterzienser"},"content":{"rendered":"<p>&nbsp;<\/p>\n<p>&nbsp;<\/p>\n<p>&nbsp;<\/p>\n<p>&nbsp;<\/p>\n<p><a href=\"http:\/\/blog.liesdoch.de\/wp-content\/uploads\/2017\/08\/46922156z.jpg\"><img loading=\"lazy\" decoding=\"async\" class=\"alignnone size-medium wp-image-4767\" src=\"http:\/\/blog.liesdoch.de\/wp-content\/uploads\/2017\/08\/46922156z-270x300.jpg\" alt=\"\" width=\"270\" height=\"300\" srcset=\"https:\/\/blog.liesdoch.de\/wp-content\/uploads\/2017\/08\/46922156z-270x300.jpg 270w, https:\/\/blog.liesdoch.de\/wp-content\/uploads\/2017\/08\/46922156z.jpg 428w\" sizes=\"auto, (max-width: 270px) 100vw, 270px\" \/><\/a><\/p>\n<p>&nbsp;<\/p>\n<p>LVR-Landesmuseum Bonn (Hg.), Die Zisterzienser, Theiss 2017, ISBN 978-3-8062-3492-3<\/p>\n<p>&nbsp;<\/p>\n<p>Als Macht und Reichtum der Benediktiner die monastischen Ideale immer mehr untergruben, zogen 1098 drei M\u00f6nche aus und gr\u00fcndeten das Kloster C\u00eeteaux. Sie wollten zur\u00fcckkehren zur Ordensregel des heiligen Benedikt und leben von der eigenen H\u00e4nde Arbeit.<\/p>\n<p>&nbsp;<\/p>\n<p>In der Folge wurden die Zisterzienser selbst zu einem der m\u00e4chtigsten Verb\u00e4nde des Mittelalters. \u00dcber 650 Kl\u00f6ster entstanden vom sp\u00e4ten 11. Jahrhundert bis Mitte des 13. Jahrhunderts in ganz Europa. Die wei\u00df gekleideten M\u00f6nche schufen die vielleicht eindrucksvollsten Sakralbauten ihrer Zeit. Handschriften aus ihren Skriptorien z\u00e4hlen zu den H\u00f6hepunkten mittelalterlicher Buchkunst.<br \/>\n&nbsp;<\/p>\n<p>Der hier vorliegende reich bebilderte Katalog zur Ausstellung im LVR-LandesMuseum Bonn widmet sich dem Orden und seiner Kunst, die europaweite Vorbildfunktion hatte und bis heute fasziniert. Prachtvolle Gem\u00e4lde, Skulpturen und Manuskripte aus ganz Europa sowie Architekturmodelle und Rekonstruktionen erlauben au\u00dfergew\u00f6hnliche Einblicke in die mittelalterliche Klosterwelt.<\/p>\n<p>&nbsp;<\/p>\n<p>Neben den zahlreichen Bildern und ihren Beschreibungen sind die kunsthistorischen und religionsgeschichtlichen Essays zu Beginn des volumin\u00f6sen Buches empfehlenswert.<\/p>\n","protected":false},"excerpt":{"rendered":"<p>&nbsp; &nbsp; &nbsp; &nbsp; &nbsp; LVR-Landesmuseum Bonn (Hg.), Die Zisterzienser, Theiss 2017, ISBN 978-3-8062-3492-3 &nbsp; Als Macht und Reichtum der Benediktiner die monastischen Ideale immer mehr untergruben, zogen 1098 drei M\u00f6nche aus und gr\u00fcndeten das Kloster C\u00eeteaux. Sie wollten zur\u00fcckkehren zur Ordensregel des heiligen Benedikt und leben von der eigenen H\u00e4nde Arbeit. &nbsp; In der &hellip; <a href=\"https:\/\/blog.liesdoch.de\/?p=4766\" class=\"more-link\"><span class=\"screen-reader-text\">Die Zisterzienser<\/span> weiterlesen <span class=\"meta-nav\">&rarr;<\/span><\/a><\/p>\n","protected":false},"author":6,"featured_media":0,"comment_status":"closed","ping_status":"open","sticky":false,"template":"","format":"standard","meta":{"footnotes":""},"categories":[1],"tags":[],"class_list":["post-4766","post","type-post","status-publish","format-standard","hentry","category-allgemein"],"_links":{"self":[{"href":"https:\/\/blog.liesdoch.de\/index.php?rest_route=\/wp\/v2\/posts\/4766","targetHints":{"allow":["GET"]}}],"collection":[{"href":"https:\/\/blog.liesdoch.de\/index.php?rest_route=\/wp\/v2\/posts"}],"about":[{"href":"https:\/\/blog.liesdoch.de\/index.php?rest_route=\/wp\/v2\/types\/post"}],"author":[{"embeddable":true,"href":"https:\/\/blog.liesdoch.de\/index.php?rest_route=\/wp\/v2\/users\/6"}],"replies":[{"embeddable":true,"href":"https:\/\/blog.liesdoch.de\/index.php?rest_route=%2Fwp%2Fv2%2Fcomments&post=4766"}],"version-history":[{"count":1,"href":"https:\/\/blog.liesdoch.de\/index.php?rest_route=\/wp\/v2\/posts\/4766\/revisions"}],"predecessor-version":[{"id":4768,"href":"https:\/\/blog.liesdoch.de\/index.php?rest_route=\/wp\/v2\/posts\/4766\/revisions\/4768"}],"wp:attachment":[{"href":"https:\/\/blog.liesdoch.de\/index.php?rest_route=%2Fwp%2Fv2%2Fmedia&parent=4766"}],"wp:term":[{"taxonomy":"category","embeddable":true,"href":"https:\/\/blog.liesdoch.de\/index.php?rest_route=%2Fwp%2Fv2%2Fcategories&post=4766"},{"taxonomy":"post_tag","embeddable":true,"href":"https:\/\/blog.liesdoch.de\/index.php?rest_route=%2Fwp%2Fv2%2Ftags&post=4766"}],"curies":[{"name":"wp","href":"https:\/\/api.w.org\/{rel}","templated":true}]}}