{"id":4784,"date":"2017-08-28T12:26:23","date_gmt":"2017-08-28T10:26:23","guid":{"rendered":"http:\/\/blog.liesdoch.de\/?p=4784"},"modified":"2017-08-28T12:26:23","modified_gmt":"2017-08-28T10:26:23","slug":"lichter-ueber-dem-meer-leuchttuerme-an-europas-kuesten","status":"publish","type":"post","link":"https:\/\/blog.liesdoch.de\/?p=4784","title":{"rendered":"Lichter \u00fcber dem Meer. Leuchtt\u00fcrme an Europas K\u00fcsten"},"content":{"rendered":"<p>&nbsp;<\/p>\n<p>&nbsp;<\/p>\n<p>&nbsp;<\/p>\n<p>&nbsp;<\/p>\n<p>&nbsp;<\/p>\n<p><a href=\"http:\/\/blog.liesdoch.de\/wp-content\/uploads\/2017\/08\/47164244z.jpg\"><img loading=\"lazy\" decoding=\"async\" class=\"alignnone size-medium wp-image-4785\" src=\"http:\/\/blog.liesdoch.de\/wp-content\/uploads\/2017\/08\/47164244z-184x300.jpg\" alt=\"\" width=\"184\" height=\"300\" srcset=\"https:\/\/blog.liesdoch.de\/wp-content\/uploads\/2017\/08\/47164244z-184x300.jpg 184w, https:\/\/blog.liesdoch.de\/wp-content\/uploads\/2017\/08\/47164244z.jpg 257w\" sizes=\"auto, (max-width: 184px) 100vw, 184px\" \/><\/a><\/p>\n<p>&nbsp;<\/p>\n<p>Thomas Ebelt, Lichter \u00fcber dem Meer. Leuchtt\u00fcrme an Europas K\u00fcsten, Delius Klasing 2017, ISBN 978-3-667-10934-7<\/p>\n<p>&nbsp;<\/p>\n<p>Leuchtt\u00fcrme sind von jeher ein Blickfang. F\u00fcr viele Menschen sind sie auch Traumgeb\u00e4ude, Orte von Kindheitsphantasien. Sie trotzen den Gewalten des Meeres, weisen Schiffen den Weg und bewahren Seefahrer vor Schiffbruch. Ob aus Stahl, Ziegeln oder Beton, oft unter abenteuerlichen Bedingungen im Wettlauf mit den Gezeiten erbaut, sind Leuchtt\u00fcrme die letzten maritimen Zeugen sch\u00f6nster Industriearchitektur einer vergangenen Epoche. Sie pr\u00e4gen Landschaften und sind an den Orten, an denen sie in den Himmel ragen, oft ein un\u00fcbersehbarer Touristenmagnet.<\/p>\n<p>Thomas Ebelt nimmt seine Leser mit auf eine Reise zu den architektonisch sch\u00f6nsten Leuchtt\u00fcrmen Europas. In seinem nach L\u00e4ndern und angrenzenden Meeren gegliederten Band stellt er jedes Bauwerk auf einer Doppelseite vor, liefert interessante Informationen zu Bauart, technischen Details und der zuweilen wechselvollen Historie.<\/p>\n<p>Spannend und bildlich inszeniert bekommen so Leuchtt\u00fcrme von Ostsee \u00fcber Nordsee (Polen, Estland, Schweden, D\u00e4nemark, Deutschland), vom Nordatlantik (Island, Schottland) bis ins Mittelmeer (Portugal, Spanien, Frankreich) einen Platz. Und auch die eine oder andere kurzweilige Anekdote fehlt nicht, was sein Buch \u201cLichter \u00fcber dem Meer\u201d zu einem sch\u00f6nen Mitbringsel f\u00fcr Leuchtturm-Liebhaber macht.<\/p>\n<p>&nbsp;<\/p>\n","protected":false},"excerpt":{"rendered":"<p>&nbsp; &nbsp; &nbsp; &nbsp; &nbsp; &nbsp; Thomas Ebelt, Lichter \u00fcber dem Meer. Leuchtt\u00fcrme an Europas K\u00fcsten, Delius Klasing 2017, ISBN 978-3-667-10934-7 &nbsp; Leuchtt\u00fcrme sind von jeher ein Blickfang. F\u00fcr viele Menschen sind sie auch Traumgeb\u00e4ude, Orte von Kindheitsphantasien. Sie trotzen den Gewalten des Meeres, weisen Schiffen den Weg und bewahren Seefahrer vor Schiffbruch. Ob aus &hellip; <a href=\"https:\/\/blog.liesdoch.de\/?p=4784\" class=\"more-link\"><span class=\"screen-reader-text\">Lichter \u00fcber dem Meer. Leuchtt\u00fcrme an Europas K\u00fcsten<\/span> weiterlesen <span class=\"meta-nav\">&rarr;<\/span><\/a><\/p>\n","protected":false},"author":6,"featured_media":0,"comment_status":"closed","ping_status":"open","sticky":false,"template":"","format":"standard","meta":{"footnotes":""},"categories":[1],"tags":[],"class_list":["post-4784","post","type-post","status-publish","format-standard","hentry","category-allgemein"],"_links":{"self":[{"href":"https:\/\/blog.liesdoch.de\/index.php?rest_route=\/wp\/v2\/posts\/4784","targetHints":{"allow":["GET"]}}],"collection":[{"href":"https:\/\/blog.liesdoch.de\/index.php?rest_route=\/wp\/v2\/posts"}],"about":[{"href":"https:\/\/blog.liesdoch.de\/index.php?rest_route=\/wp\/v2\/types\/post"}],"author":[{"embeddable":true,"href":"https:\/\/blog.liesdoch.de\/index.php?rest_route=\/wp\/v2\/users\/6"}],"replies":[{"embeddable":true,"href":"https:\/\/blog.liesdoch.de\/index.php?rest_route=%2Fwp%2Fv2%2Fcomments&post=4784"}],"version-history":[{"count":1,"href":"https:\/\/blog.liesdoch.de\/index.php?rest_route=\/wp\/v2\/posts\/4784\/revisions"}],"predecessor-version":[{"id":4786,"href":"https:\/\/blog.liesdoch.de\/index.php?rest_route=\/wp\/v2\/posts\/4784\/revisions\/4786"}],"wp:attachment":[{"href":"https:\/\/blog.liesdoch.de\/index.php?rest_route=%2Fwp%2Fv2%2Fmedia&parent=4784"}],"wp:term":[{"taxonomy":"category","embeddable":true,"href":"https:\/\/blog.liesdoch.de\/index.php?rest_route=%2Fwp%2Fv2%2Fcategories&post=4784"},{"taxonomy":"post_tag","embeddable":true,"href":"https:\/\/blog.liesdoch.de\/index.php?rest_route=%2Fwp%2Fv2%2Ftags&post=4784"}],"curies":[{"name":"wp","href":"https:\/\/api.w.org\/{rel}","templated":true}]}}