{"id":4804,"date":"2017-08-31T14:09:49","date_gmt":"2017-08-31T12:09:49","guid":{"rendered":"http:\/\/blog.liesdoch.de\/?p=4804"},"modified":"2017-08-31T14:09:49","modified_gmt":"2017-08-31T12:09:49","slug":"die-nacht-von-rom","status":"publish","type":"post","link":"https:\/\/blog.liesdoch.de\/?p=4804","title":{"rendered":"Die Nacht von Rom"},"content":{"rendered":"<p>&nbsp;<\/p>\n<p>&nbsp;<\/p>\n<p>&nbsp;<\/p>\n<p><a href=\"http:\/\/blog.liesdoch.de\/wp-content\/uploads\/2017\/08\/44831340z.jpg\"><img loading=\"lazy\" decoding=\"async\" class=\"alignnone size-medium wp-image-4805\" src=\"http:\/\/blog.liesdoch.de\/wp-content\/uploads\/2017\/08\/44831340z-198x300.jpg\" alt=\"\" width=\"198\" height=\"300\" srcset=\"https:\/\/blog.liesdoch.de\/wp-content\/uploads\/2017\/08\/44831340z-198x300.jpg 198w, https:\/\/blog.liesdoch.de\/wp-content\/uploads\/2017\/08\/44831340z.jpg 314w\" sizes=\"auto, (max-width: 198px) 100vw, 198px\" \/><\/a><\/p>\n<p>&nbsp;<\/p>\n<p>Giancarlo de Cataldo, Carlo Bonini, Die Nacht von Rom, Folio 2016, ISBN 978-3-85256-700-6<\/p>\n<p>&nbsp;<\/p>\n<p>Als Papst Franziskus im M\u00e4rz 2015 an eigentlich erst 2025 wieder stattfindendes au\u00dferordentliches Heiliges Jahr mit den Worten \u201eDas ist die Zeit der Barm\u00adherzig\u00adkeit. Es ist wichtig, dass die Gl\u00e4ubigen sie leben und in alle Gesell\u00adschafts\u00adbereiche hinein\u00adtragen. Vorw\u00e4rts!\u201c\u201c ank\u00fcndigte, da st\u00f6hnten die R\u00f6mer auf, w\u00fcrden doch statt der 13.4.Millionen Touristen im Jahr 2014 m\u00f6glicherweise fast 33 Millionen \u00fcber die Stadt herfalle-.<\/p>\n<p>&nbsp;<\/p>\n<p>Wie soll man sie alle unter\u00adbringen, wie verk\u00f6s\u00adtigen, wie trans\u00adportieren, wie ihren M\u00fcll entsorgen, wo doch all das mit den fast drei Millionen R\u00f6mern kaum gelingt? Die Infra\u00adstruktur Roms ist ein ewiges Provi\u00adsorium, und seit der Regierung der 5- Sterne B\u00fcrgermeister eine Katastrophe.<\/p>\n<p>Doch nicht wenigen Leute kommt diese Ansage des Papstes sehr gelegen. Ein schon in fr\u00fcheren Zeiten eingeschworene Gruppe von Politi\u00adkern, Unter\u00adnehmern, vatika\u00adnischen W\u00fcrden\u00adtr\u00e4gern und Clan\u00adf\u00fchrern ehren\u00adwerter Gesell\u00adschaften wittert lukrative Gesch\u00e4fte.<\/p>\n<p>Von ihnen erz\u00e4hlen Giancarlo de Cataldo und Carlo Bonini in ihrem Thriller\u00a0 \u201eDie Nachht von Rom\u201c den der Folio-Verlag jetzt in der \u00dcber\u00adsetzung von Karin Fleischanderl dem deutsch\u00adsprachigen Publikum pr\u00e4sentiert. Die beiden Autoren, Richter der eine, Jour\u00adnalist der andere, sind mit den realen Vorg\u00e4ngen bestens vertraut und k\u00f6nnen deren fiktionale Dar\u00adstellung deshalb so aufbe\u00adreiten, dass manche Schl\u00fcssel\u00adfigur und mancher Skandal als Anspie\u00adlung verstanden wird.<\/p>\n<p>Giancarlo de Cataldo und Carlo Bonini haben ein ebenso viel\u00adschich\u00adtiges wie span\u00adnendes, am\u00fc\u00adsantes wie de\u00adprimie\u00adrendes Portr\u00e4t der ewigen Stadt am Tiber gezeich\u00adnet. Trotz Chaos und Verfall strotzt sie vor Vitalit\u00e4t und \u00dcber\u00adlebens\u00adwillen, Initiative und Gesch\u00e4fts\u00adt\u00fcchtig\u00adkeit. Um sich in der \u00f6ffent\u00adlichen Unord\u00adnung durch\u00adzu\u00adschlagen, helfen Improvi\u00adsations\u00adtalent, Egoismus und R\u00fcck\u00adsichts\u00adlosig\u00adkeit, und wer besonders viel davon mitbringt, kann es mit Geschick, Geschenken und Gewalt bis an die Spitze schaffen.<\/p>\n<p>&nbsp;<\/p>\n<p>Wie in seinen fr\u00fcheren, allein verfassten B\u00fcchern geht es Giancarlo De Cataldo um eine gnadenlose Kritik an den politischen Zust\u00e4nden in der italienischen Gesellschaft. Sein Kollege Camilleri hat seine Thriller in einer Kritik in Italien als \u201eein gigantisches Fresko einer globalen Niederlage, einer Niederlage nicht nur seiner Protagonisten, sondern unserer Gesellschaft insgesamt\u201c bezeichnet.<\/p>\n<p>&nbsp;<\/p>\n<p>Da stimmt wohl.<\/p>\n<p>&nbsp;<\/p>\n","protected":false},"excerpt":{"rendered":"<p>&nbsp; &nbsp; &nbsp; &nbsp; Giancarlo de Cataldo, Carlo Bonini, Die Nacht von Rom, Folio 2016, ISBN 978-3-85256-700-6 &nbsp; Als Papst Franziskus im M\u00e4rz 2015 an eigentlich erst 2025 wieder stattfindendes au\u00dferordentliches Heiliges Jahr mit den Worten \u201eDas ist die Zeit der Barm\u00adherzig\u00adkeit. Es ist wichtig, dass die Gl\u00e4ubigen sie leben und in alle Gesell\u00adschafts\u00adbereiche hinein\u00adtragen. &hellip; <a href=\"https:\/\/blog.liesdoch.de\/?p=4804\" class=\"more-link\"><span class=\"screen-reader-text\">Die Nacht von Rom<\/span> weiterlesen <span class=\"meta-nav\">&rarr;<\/span><\/a><\/p>\n","protected":false},"author":6,"featured_media":0,"comment_status":"closed","ping_status":"open","sticky":false,"template":"","format":"standard","meta":{"footnotes":""},"categories":[1],"tags":[],"class_list":["post-4804","post","type-post","status-publish","format-standard","hentry","category-allgemein"],"_links":{"self":[{"href":"https:\/\/blog.liesdoch.de\/index.php?rest_route=\/wp\/v2\/posts\/4804","targetHints":{"allow":["GET"]}}],"collection":[{"href":"https:\/\/blog.liesdoch.de\/index.php?rest_route=\/wp\/v2\/posts"}],"about":[{"href":"https:\/\/blog.liesdoch.de\/index.php?rest_route=\/wp\/v2\/types\/post"}],"author":[{"embeddable":true,"href":"https:\/\/blog.liesdoch.de\/index.php?rest_route=\/wp\/v2\/users\/6"}],"replies":[{"embeddable":true,"href":"https:\/\/blog.liesdoch.de\/index.php?rest_route=%2Fwp%2Fv2%2Fcomments&post=4804"}],"version-history":[{"count":1,"href":"https:\/\/blog.liesdoch.de\/index.php?rest_route=\/wp\/v2\/posts\/4804\/revisions"}],"predecessor-version":[{"id":4806,"href":"https:\/\/blog.liesdoch.de\/index.php?rest_route=\/wp\/v2\/posts\/4804\/revisions\/4806"}],"wp:attachment":[{"href":"https:\/\/blog.liesdoch.de\/index.php?rest_route=%2Fwp%2Fv2%2Fmedia&parent=4804"}],"wp:term":[{"taxonomy":"category","embeddable":true,"href":"https:\/\/blog.liesdoch.de\/index.php?rest_route=%2Fwp%2Fv2%2Fcategories&post=4804"},{"taxonomy":"post_tag","embeddable":true,"href":"https:\/\/blog.liesdoch.de\/index.php?rest_route=%2Fwp%2Fv2%2Ftags&post=4804"}],"curies":[{"name":"wp","href":"https:\/\/api.w.org\/{rel}","templated":true}]}}