{"id":4820,"date":"2017-09-01T11:53:21","date_gmt":"2017-09-01T09:53:21","guid":{"rendered":"http:\/\/blog.liesdoch.de\/?p=4820"},"modified":"2017-09-01T11:53:21","modified_gmt":"2017-09-01T09:53:21","slug":"berlin-1933-1945-eine-chronik-in-bildern","status":"publish","type":"post","link":"https:\/\/blog.liesdoch.de\/?p=4820","title":{"rendered":"Berlin 1933-1945. Eine Chronik in Bildern"},"content":{"rendered":"<p>&nbsp;<\/p>\n<p>&nbsp;<\/p>\n<p>&nbsp;<\/p>\n<p><a href=\"http:\/\/blog.liesdoch.de\/wp-content\/uploads\/2017\/09\/46992623z.jpg\"><img loading=\"lazy\" decoding=\"async\" class=\"alignnone size-medium wp-image-4821\" src=\"http:\/\/blog.liesdoch.de\/wp-content\/uploads\/2017\/09\/46992623z-300x267.jpg\" alt=\"\" width=\"300\" height=\"267\" srcset=\"https:\/\/blog.liesdoch.de\/wp-content\/uploads\/2017\/09\/46992623z-300x267.jpg 300w, https:\/\/blog.liesdoch.de\/wp-content\/uploads\/2017\/09\/46992623z.jpg 475w\" sizes=\"auto, (max-width: 300px) 100vw, 300px\" \/><\/a><\/p>\n<p>&nbsp;<\/p>\n<p>Antonia Meiners. Berlin 1933-1945. Eine Chronik in Bildern, Edition Braus\u00a0 2017, ISBN 978-3-86228-159-6<\/p>\n<p>&nbsp;<\/p>\n<p>\u201eWir k\u00f6nnen es nicht verstehen\u201c, schrieb der KZ-\u00dcberlebende Primo Levi in einem seiner wichtigen und unvergessenen B\u00fccher. \u201eAber wir k\u00f6nnen und m\u00fcssen verstehen, woher es entsteht, und wir m\u00fcssen wachsam bleiben. Wenn es schon unm\u00f6glich ist zu verstehen, so ist doch das Wissen notwendig. Denn das Bewusstsein kann wieder verf\u00fchrt und verdunkelt werden: auch das unsere.\u201c<\/p>\n<p>&nbsp;<\/p>\n<p>Diese so \u00fcberaus aktuellen Worte haben Antonia Meiners neben anderen ihrem wichtigen Buch vorangestellten Zitate dazu bewegt, in der Edition Braus ein kleines Buch zu ver\u00f6ffentlichen, das in verst\u00e4ndlichen und sehr lehrreichen Texten gerade f\u00fcr die j\u00fcngere Generation und in zahllosen Bildern die Geschichte der Hauptstadt Berlin w\u00e4hrend der Zeit der Hitler-Diktatur und der Herrschaft des Nationalsozialismus zeigt.<\/p>\n<p>&nbsp;<\/p>\n<p>Es war das dunkelste Kapitel in der Geschichte der deutschen Hauptstadt. Dieser Band ruft es ins Ged\u00e4chtnis und erinnert an das Schicksal seiner Bewohner. Neben den schon erw\u00e4hnten Texten und Fotografien zeigen auch viele Tagebucheintr\u00e4ge, wie sich das Leben in Berlin w\u00e4hrend der Jahre der Naziherrschaft ver\u00e4nderte.<\/p>\n<p>&nbsp;<\/p>\n<p>F\u00fcr historisch interessierte Menschen sehr empfehlenswert. Eignet sich auch als kurze Einf\u00fchrung in die Geschichte des Nationalsozialismus.<\/p>\n","protected":false},"excerpt":{"rendered":"<p>&nbsp; &nbsp; &nbsp; &nbsp; Antonia Meiners. Berlin 1933-1945. Eine Chronik in Bildern, Edition Braus\u00a0 2017, ISBN 978-3-86228-159-6 &nbsp; \u201eWir k\u00f6nnen es nicht verstehen\u201c, schrieb der KZ-\u00dcberlebende Primo Levi in einem seiner wichtigen und unvergessenen B\u00fccher. \u201eAber wir k\u00f6nnen und m\u00fcssen verstehen, woher es entsteht, und wir m\u00fcssen wachsam bleiben. Wenn es schon unm\u00f6glich ist zu &hellip; <a href=\"https:\/\/blog.liesdoch.de\/?p=4820\" class=\"more-link\"><span class=\"screen-reader-text\">Berlin 1933-1945. Eine Chronik in Bildern<\/span> weiterlesen <span class=\"meta-nav\">&rarr;<\/span><\/a><\/p>\n","protected":false},"author":6,"featured_media":0,"comment_status":"closed","ping_status":"open","sticky":false,"template":"","format":"standard","meta":{"footnotes":""},"categories":[1],"tags":[],"class_list":["post-4820","post","type-post","status-publish","format-standard","hentry","category-allgemein"],"_links":{"self":[{"href":"https:\/\/blog.liesdoch.de\/index.php?rest_route=\/wp\/v2\/posts\/4820","targetHints":{"allow":["GET"]}}],"collection":[{"href":"https:\/\/blog.liesdoch.de\/index.php?rest_route=\/wp\/v2\/posts"}],"about":[{"href":"https:\/\/blog.liesdoch.de\/index.php?rest_route=\/wp\/v2\/types\/post"}],"author":[{"embeddable":true,"href":"https:\/\/blog.liesdoch.de\/index.php?rest_route=\/wp\/v2\/users\/6"}],"replies":[{"embeddable":true,"href":"https:\/\/blog.liesdoch.de\/index.php?rest_route=%2Fwp%2Fv2%2Fcomments&post=4820"}],"version-history":[{"count":1,"href":"https:\/\/blog.liesdoch.de\/index.php?rest_route=\/wp\/v2\/posts\/4820\/revisions"}],"predecessor-version":[{"id":4822,"href":"https:\/\/blog.liesdoch.de\/index.php?rest_route=\/wp\/v2\/posts\/4820\/revisions\/4822"}],"wp:attachment":[{"href":"https:\/\/blog.liesdoch.de\/index.php?rest_route=%2Fwp%2Fv2%2Fmedia&parent=4820"}],"wp:term":[{"taxonomy":"category","embeddable":true,"href":"https:\/\/blog.liesdoch.de\/index.php?rest_route=%2Fwp%2Fv2%2Fcategories&post=4820"},{"taxonomy":"post_tag","embeddable":true,"href":"https:\/\/blog.liesdoch.de\/index.php?rest_route=%2Fwp%2Fv2%2Ftags&post=4820"}],"curies":[{"name":"wp","href":"https:\/\/api.w.org\/{rel}","templated":true}]}}