{"id":4830,"date":"2017-09-04T11:33:28","date_gmt":"2017-09-04T09:33:28","guid":{"rendered":"http:\/\/blog.liesdoch.de\/?p=4830"},"modified":"2017-09-04T11:33:28","modified_gmt":"2017-09-04T09:33:28","slug":"depression-durch-die-kraft-der-imagination-bewaeltigen","status":"publish","type":"post","link":"https:\/\/blog.liesdoch.de\/?p=4830","title":{"rendered":"Depression durch die Kraft der Imagination bew\u00e4ltigen"},"content":{"rendered":"<p>&nbsp;<\/p>\n<p>&nbsp;<\/p>\n<p>&nbsp;<\/p>\n<p>&nbsp;<\/p>\n<p>&nbsp;<\/p>\n<p>&nbsp;<\/p>\n<p><a href=\"http:\/\/blog.liesdoch.de\/wp-content\/uploads\/2017\/09\/48037433z.jpg\"><img loading=\"lazy\" decoding=\"async\" class=\"alignnone size-medium wp-image-4831\" src=\"http:\/\/blog.liesdoch.de\/wp-content\/uploads\/2017\/09\/48037433z-194x300.jpg\" alt=\"\" width=\"194\" height=\"300\" srcset=\"https:\/\/blog.liesdoch.de\/wp-content\/uploads\/2017\/09\/48037433z-194x300.jpg 194w, https:\/\/blog.liesdoch.de\/wp-content\/uploads\/2017\/09\/48037433z.jpg 272w\" sizes=\"auto, (max-width: 194px) 100vw, 194px\" \/><\/a><\/p>\n<p>Helmut Kuntz, Depression durch die Kraft der Imagination bew\u00e4ltigen, Beltz 2017, ISBN 978-3-40786494-9<\/p>\n<p>&nbsp;<\/p>\n<p>\u00dcber die zur Volkskrankheit mutierte Depression sind schon viele B\u00fccher und Ratgeber ver\u00f6ffentlicht worden in den vergangenen Jahren.\u00a0 Das vorliegende Buch des Psychotherapeuten und K\u00f6rpertherapeuten Helmut Kuntz pr\u00e4sentiert betroffenen Menschen, aber auch denen, die vorbeugend etwas dagegen tun m\u00f6chten, dass sich ihre Verstimmungen nicht in eine ausgewachsene Depression hinein entwickeln, \u201e\u00dcbungen zur St\u00e4rkung innerer Ressourcen\u201c, die Kuntz im Laufe seiner langj\u00e4hrigen therapeutischen Praxis gesammelt bzw. selbst entwickelt hat. Sie k\u00f6nnen mit einem Code, der auf Seite 80 ver\u00f6ffentlicht ist, aus dem Netz heruntergeladen werden und den Lesern und Nutzern des Buches helfen, sich in einer entspannten Haltung die \u201eImaginationen\u201c anzuh\u00f6ren.<\/p>\n<p>&nbsp;<\/p>\n<p>Helmut Kuntz geht, wie viele anderen Therapeuten auch, davon aus, dass jeder Mensch eine F\u00fclle innerer Kr\u00e4fte besitzt, die sich in Lebensmut und Lebensfreude verwandeln lassen, besonders in Phasen depressiver Verstimmungen oder auch schwereren Sch\u00fcben. Dabei h\u00e4ngen Vorstellungskraft und Lebenskraft eng zusammen. Die inneren Bilder, die durch die angewandten \u00dcbungen entstehen, helfen dem H\u00f6rer und Leser, pers\u00f6nliche Kraftquellen sich zu erschlie\u00dfen und zu innerer Sicherheit und Ruhe zu finden. Auch Selbstliebe und die Heilkraft der Vers\u00f6hnung k\u00f6nnen wieder gesp\u00fcrt und Gl\u00fcckserfahren neu belebt werden.<\/p>\n<p>&nbsp;<\/p>\n<p>Ein hilfreiches Buch auch f\u00fcr Menschen, die nicht direkt an Depression leiden, sondern etwas f\u00fcr ihr inneres Erleben tun wollen.<\/p>\n<p>&nbsp;<\/p>\n<p>&nbsp;<\/p>\n","protected":false},"excerpt":{"rendered":"<p>&nbsp; &nbsp; &nbsp; &nbsp; &nbsp; &nbsp; Helmut Kuntz, Depression durch die Kraft der Imagination bew\u00e4ltigen, Beltz 2017, ISBN 978-3-40786494-9 &nbsp; \u00dcber die zur Volkskrankheit mutierte Depression sind schon viele B\u00fccher und Ratgeber ver\u00f6ffentlicht worden in den vergangenen Jahren.\u00a0 Das vorliegende Buch des Psychotherapeuten und K\u00f6rpertherapeuten Helmut Kuntz pr\u00e4sentiert betroffenen Menschen, aber auch denen, die vorbeugend &hellip; <a href=\"https:\/\/blog.liesdoch.de\/?p=4830\" class=\"more-link\"><span class=\"screen-reader-text\">Depression durch die Kraft der Imagination bew\u00e4ltigen<\/span> weiterlesen <span class=\"meta-nav\">&rarr;<\/span><\/a><\/p>\n","protected":false},"author":6,"featured_media":0,"comment_status":"closed","ping_status":"open","sticky":false,"template":"","format":"standard","meta":{"footnotes":""},"categories":[1],"tags":[],"class_list":["post-4830","post","type-post","status-publish","format-standard","hentry","category-allgemein"],"_links":{"self":[{"href":"https:\/\/blog.liesdoch.de\/index.php?rest_route=\/wp\/v2\/posts\/4830","targetHints":{"allow":["GET"]}}],"collection":[{"href":"https:\/\/blog.liesdoch.de\/index.php?rest_route=\/wp\/v2\/posts"}],"about":[{"href":"https:\/\/blog.liesdoch.de\/index.php?rest_route=\/wp\/v2\/types\/post"}],"author":[{"embeddable":true,"href":"https:\/\/blog.liesdoch.de\/index.php?rest_route=\/wp\/v2\/users\/6"}],"replies":[{"embeddable":true,"href":"https:\/\/blog.liesdoch.de\/index.php?rest_route=%2Fwp%2Fv2%2Fcomments&post=4830"}],"version-history":[{"count":1,"href":"https:\/\/blog.liesdoch.de\/index.php?rest_route=\/wp\/v2\/posts\/4830\/revisions"}],"predecessor-version":[{"id":4832,"href":"https:\/\/blog.liesdoch.de\/index.php?rest_route=\/wp\/v2\/posts\/4830\/revisions\/4832"}],"wp:attachment":[{"href":"https:\/\/blog.liesdoch.de\/index.php?rest_route=%2Fwp%2Fv2%2Fmedia&parent=4830"}],"wp:term":[{"taxonomy":"category","embeddable":true,"href":"https:\/\/blog.liesdoch.de\/index.php?rest_route=%2Fwp%2Fv2%2Fcategories&post=4830"},{"taxonomy":"post_tag","embeddable":true,"href":"https:\/\/blog.liesdoch.de\/index.php?rest_route=%2Fwp%2Fv2%2Ftags&post=4830"}],"curies":[{"name":"wp","href":"https:\/\/api.w.org\/{rel}","templated":true}]}}